{"id":72476,"date":"2025-12-04T05:41:55","date_gmt":"2025-12-04T05:41:55","guid":{"rendered":"https:\/\/lahora.mx\/?p=72476"},"modified":"2025-12-04T05:41:56","modified_gmt":"2025-12-04T05:41:56","slug":"arranca-la-ciudad-de-puebla-con-el-operativo-pirotecnia","status":"publish","type":"post","link":"https:\/\/lahora.mx\/index.php\/2025\/12\/04\/arranca-la-ciudad-de-puebla-con-el-operativo-pirotecnia\/","title":{"rendered":"Arranca la ciudad de Puebla con el Operativo Pirotecnia"},"content":{"rendered":"\n<p>A pesar de esta semana arranc\u00f3 el Operativo en la ciudad de Puebla contra la venta de pirotecnia, mismo que se intensificar\u00e1 el 24 y 25 de diciembre, as\u00ed como el 31 de este mes y el primero de enero ya del 2026.<\/p>\n\n\n\n<p>Lo anterior fue confirmado por el titular de la Secretar\u00eda General de Gobierno en el ayuntamiento de Puebla, Franco Rodr\u00edguez \u00c1lvarez, quien explic\u00f3 que dicho Operativo estar\u00e1 enfocado principalmente en los mercados, \u201cya que es donde la pirotecnia se vende m\u00e1s\u201d.<br>En el marco de la rueda de prensa de Seguridad, el funcionario local record\u00f3 que en la pasada fiestas patrias realizaron un decomiso aproximado de media tonelada de pirotecnia, \u201cpor lo que, junto con SEDENA, se realiz\u00f3 la destrucci\u00f3n de dicho producto\u201d.<\/p>\n\n\n\n<p>De tal manera, Rodr\u00edguez \u00c1lvarez dej\u00f3 en claro que pondr\u00e1n mucha atenci\u00f3n en las fechas m\u00e1s importantes en esta \u00e9poca decembrina, como es en Navidad y el fin de a\u00f1o.<\/p>\n\n\n\n<p>\u201cHay que recordar que en especial el fin de a\u00f1o se utiliza m\u00e1s la pirotecnia por parte de las familias, por lo que d\u00edas previos llevaremos a cabo la inspecci\u00f3n en mercados\u201d, concluy\u00f3 Franco Rodr\u00edguez.<\/p>\n","protected":false},"excerpt":{"rendered":"<p>A pesar de esta semana arranc\u00f3 el Operativo en la ciudad de Puebla contra la venta de pirotecnia, mismo que se intensificar\u00e1 el 24 y 25 de diciembre, as\u00ed como el 31 de este mes y el primero de enero ya del 2026. Lo anterior fue confirmado por el titular de la Secretar\u00eda General de [&hellip;]<\/p>\n","protected":false},"author":1,"featured_media":72477,"comment_status":"open","ping_status":"open","sticky":false,"template":"","format":"standard","meta":{"om_disable_all_campaigns":false,"_monsterinsights_skip_tracking":false,"_monsterinsights_sitenote_active":false,"_monsterinsights_sitenote_note":"","_monsterinsights_sitenote_category":0,"footnotes":""},"categories":[175],"tags":[223],"class_list":["post-72476","post","type-post","status-publish","format-standard","has-post-thumbnail","hentry","category-local","tag-puebla"],"amp_enabled":true,"_links":{"self":[{"href":"https:\/\/lahora.mx\/index.php\/wp-json\/wp\/v2\/posts\/72476","targetHints":{"allow":["GET"]}}],"collection":[{"href":"https:\/\/lahora.mx\/index.php\/wp-json\/wp\/v2\/posts"}],"about":[{"href":"https:\/\/lahora.mx\/index.php\/wp-json\/wp\/v2\/types\/post"}],"author":[{"embeddable":true,"href":"https:\/\/lahora.mx\/index.php\/wp-json\/wp\/v2\/users\/1"}],"replies":[{"embeddable":true,"href":"https:\/\/lahora.mx\/index.php\/wp-json\/wp\/v2\/comments?post=72476"}],"version-history":[{"count":1,"href":"https:\/\/lahora.mx\/index.php\/wp-json\/wp\/v2\/posts\/72476\/revisions"}],"predecessor-version":[{"id":72478,"href":"https:\/\/lahora.mx\/index.php\/wp-json\/wp\/v2\/posts\/72476\/revisions\/72478"}],"wp:featuredmedia":[{"embeddable":true,"href":"https:\/\/lahora.mx\/index.php\/wp-json\/wp\/v2\/media\/72477"}],"wp:attachment":[{"href":"https:\/\/lahora.mx\/index.php\/wp-json\/wp\/v2\/media?parent=72476"}],"wp:term":[{"taxonomy":"category","embeddable":true,"href":"https:\/\/lahora.mx\/index.php\/wp-json\/wp\/v2\/categories?post=72476"},{"taxonomy":"post_tag","embeddable":true,"href":"https:\/\/lahora.mx\/index.php\/wp-json\/wp\/v2\/tags?post=72476"}],"curies":[{"name":"wp","href":"https:\/\/api.w.org\/{rel}","templated":true}]}}