{"id":72473,"date":"2025-12-04T05:01:46","date_gmt":"2025-12-04T05:01:46","guid":{"rendered":"https:\/\/lahora.mx\/?p=72473"},"modified":"2025-12-04T05:01:47","modified_gmt":"2025-12-04T05:01:47","slug":"estados-unidos-restringe-visas-a-transportistas-mexicanos-acusados-de-facilitar-inmigracion-irregular","status":"publish","type":"post","link":"https:\/\/lahora.mx\/index.php\/2025\/12\/04\/estados-unidos-restringe-visas-a-transportistas-mexicanos-acusados-de-facilitar-inmigracion-irregular\/","title":{"rendered":"Estados Unidos restringe visas a transportistas mexicanos acusados \u200b\u200bde facilitar inmigraci\u00f3n irregular"},"content":{"rendered":"\n<p>El Departamento de Estado anunci\u00f3 este mi\u00e9rcoles la restricci\u00f3n de visados \u200b\u200bpara los directivos y altos funcionarios de una empresa de transporte mexicana a los que acusa de facilitar la inmigraci\u00f3n irregular hacia territorio estadounidense.<\/p>\n\n\n\n<p>En un comunicado oficial, la dependencia se\u00f1al\u00f3 que las investigaciones determinaron que las personas sancionadas organizan el traslado de migrantes, incluidos menores de edad , desde el Caribe y otras regiones hacia puntos de tr\u00e1nsito en Centroam\u00e9rica , donde posteriormente fueron interceptados intentando ingresar ilegalmente a Estados Unidos .<br>La medida, que impide a los se\u00f1alados ingresar al pa\u00eds norteamericano , forma parte de la pol\u00edtica de endurecimiento migratorio impulsada por la administraci\u00f3n de Donald Trump , enfocada en sancionar a quienes obtengan beneficios econ\u00f3micos o log\u00edsticos de la migraci\u00f3n irregular.<\/p>\n\n\n\n<p>\u201cLas restricciones de visado se aplican a ejecutivos y altos funcionarios de una empresa con sede en M\u00e9xico que, a sabiendas, ofrec\u00edan servicios de transporte dise\u00f1ados principalmente para extranjeros con intenci\u00f3n de ingresar ilegalmente a Estados Unidos\u201d, indic\u00f3 el Departamento de Estado.<\/p>\n\n\n\n<p>Aunque el comunicado no especifica el nombre de la empresa ni el n\u00famero de personas afectadas , la dependencia afirm\u00f3 que la medida busca \u201cgarantizar que quienes se benefician de la inmigraci\u00f3n irregular enfrenten consecuencias\u201d .<\/p>\n\n\n\n<p>\u201cEstados Unidos no tolerar\u00e1 ning\u00fan intento de socavar nuestra seguridad nacional ni nuestras leyes de inmigraci\u00f3n\u201d, puntualiz\u00f3 el mensaje.<\/p>\n\n\n\n<p>La administraci\u00f3n estadounidense ha insistido en que la aplicaci\u00f3n de estas restricciones forma parte de una estrategia integral que combina acciones migratorias, arancelarias y de seguridad fronteriza .<\/p>\n\n\n\n<p>En semanas recientes, el presidente Donald Trump anunci\u00f3 la imposici\u00f3n de aranceles del 30% a las exportaciones mexicanas , medida que fue aplazada temporalmente para continuar las negociaciones con el gobierno de Claudia Sheinbaum sobre el control del flujo de migrantes indocumentados y el combate al tr\u00e1fico de fentanilo .<\/p>\n\n\n\n<p>El Departamento de Estado destac\u00f3 la cooperaci\u00f3n del gobierno mexicano en el manejo fronterizo y reconoci\u00f3 el despliegue de 10 mil elementos de la Guardia Nacional en la zona lim\u00edtrofe. Sin embargo, advirti\u00f3 que \u201ca\u00fan queda trabajo por hacer\u201d para reducir la migraci\u00f3n irregular y frenar el tr\u00e1fico de personas.<\/p>\n\n\n\n<p>Con esta decisi\u00f3n, Estados Unidos busca reforzar las diplom\u00e1ticas y administrativas contra actores que, directa o indirectamente, participan en redes de transporte vinculados al tr\u00e1fico de migrantes , enviando una se\u00f1al de presi\u00f3n hacia el sector log\u00edstico y empresarial involucrado en este tipo de operaciones.<\/p>\n","protected":false},"excerpt":{"rendered":"<p>El Departamento de Estado anunci\u00f3 este mi\u00e9rcoles la restricci\u00f3n de visados \u200b\u200bpara los directivos y altos funcionarios de una empresa de transporte mexicana a los que acusa de facilitar la inmigraci\u00f3n irregular hacia territorio estadounidense. En un comunicado oficial, la dependencia se\u00f1al\u00f3 que las investigaciones determinaron que las personas sancionadas organizan el traslado de migrantes, [&hellip;]<\/p>\n","protected":false},"author":1,"featured_media":72474,"comment_status":"open","ping_status":"open","sticky":false,"template":"","format":"standard","meta":{"om_disable_all_campaigns":false,"_monsterinsights_skip_tracking":false,"_monsterinsights_sitenote_active":false,"_monsterinsights_sitenote_note":"","_monsterinsights_sitenote_category":0,"footnotes":""},"categories":[183],"tags":[],"class_list":["post-72473","post","type-post","status-publish","format-standard","has-post-thumbnail","hentry","category-internacional"],"amp_enabled":true,"_links":{"self":[{"href":"https:\/\/lahora.mx\/index.php\/wp-json\/wp\/v2\/posts\/72473","targetHints":{"allow":["GET"]}}],"collection":[{"href":"https:\/\/lahora.mx\/index.php\/wp-json\/wp\/v2\/posts"}],"about":[{"href":"https:\/\/lahora.mx\/index.php\/wp-json\/wp\/v2\/types\/post"}],"author":[{"embeddable":true,"href":"https:\/\/lahora.mx\/index.php\/wp-json\/wp\/v2\/users\/1"}],"replies":[{"embeddable":true,"href":"https:\/\/lahora.mx\/index.php\/wp-json\/wp\/v2\/comments?post=72473"}],"version-history":[{"count":1,"href":"https:\/\/lahora.mx\/index.php\/wp-json\/wp\/v2\/posts\/72473\/revisions"}],"predecessor-version":[{"id":72475,"href":"https:\/\/lahora.mx\/index.php\/wp-json\/wp\/v2\/posts\/72473\/revisions\/72475"}],"wp:featuredmedia":[{"embeddable":true,"href":"https:\/\/lahora.mx\/index.php\/wp-json\/wp\/v2\/media\/72474"}],"wp:attachment":[{"href":"https:\/\/lahora.mx\/index.php\/wp-json\/wp\/v2\/media?parent=72473"}],"wp:term":[{"taxonomy":"category","embeddable":true,"href":"https:\/\/lahora.mx\/index.php\/wp-json\/wp\/v2\/categories?post=72473"},{"taxonomy":"post_tag","embeddable":true,"href":"https:\/\/lahora.mx\/index.php\/wp-json\/wp\/v2\/tags?post=72473"}],"curies":[{"name":"wp","href":"https:\/\/api.w.org\/{rel}","templated":true}]}}