{"id":72470,"date":"2025-12-04T04:22:21","date_gmt":"2025-12-04T04:22:21","guid":{"rendered":"https:\/\/lahora.mx\/?p=72470"},"modified":"2025-12-04T04:22:22","modified_gmt":"2025-12-04T04:22:22","slug":"cedillo-toma-protesta-a-nuevos-funcionarios-de-la-buap","status":"publish","type":"post","link":"https:\/\/lahora.mx\/index.php\/2025\/12\/04\/cedillo-toma-protesta-a-nuevos-funcionarios-de-la-buap\/","title":{"rendered":"Cedillo toma protesta a nuevos funcionarios de la BUAP"},"content":{"rendered":"\n<p>Con el inter\u00e9s de fortalecer la administraci\u00f3n universitaria y garantizar el cumplimiento de objetivos, la Rectora Lilia Cedillo Ram\u00edrez tom\u00f3 protesta a Eugenio Juli\u00e1 Tarno, como titular del Centro de Investigaci\u00f3n sobre Opini\u00f3n P\u00fablica (CISO), y a Ricardo Ernesto L\u00f3pez Priego, como director de Servicios Generales, de la BUAP.<\/p>\n\n\n\n<p>Eugenio Juli\u00e1 Tarno estudi\u00f3 el Master in Science (MSc), en la Universidad de Barcelona; y en Political Science, en la Stockholm University. Adem\u00e1s, el Diplomado en An\u00e1lisis Cuantitativo. M\u00e9todos estad\u00edsticos para la estimaci\u00f3n y pron\u00f3stico del comportamiento de un conjunto de variables a trav\u00e9s del tiempo, en el Centro de Investigaci\u00f3n y Docencia Econ\u00f3mica (CIDE).<br><br>Ha sido consultor y analista en asuntos p\u00fablicos. Especializado en opini\u00f3n p\u00fablica, planeaci\u00f3n estrat\u00e9gica y comunicaci\u00f3n pol\u00edtica, tiene experiencia en coordinaci\u00f3n de equipos de investigaci\u00f3n, dise\u00f1o de estrategias institucionales y en opini\u00f3n p\u00fablica, manejo avanzado de an\u00e1lisis cuantitativo y herramientas digitales para la toma de decisiones.<\/p>\n\n\n\n<p>Sobre su nombramiento, expres\u00f3: \u201cLa indicaci\u00f3n de la Rectora es devolverle al CISO el lugar que tiene como una instituci\u00f3n de referencia en opini\u00f3n p\u00fablica; adem\u00e1s, impulsar la investigaci\u00f3n sobre comportamientos sociales y fen\u00f3menos pol\u00edticos y culturales, as\u00ed como una mayor vinculaci\u00f3n con las unidades acad\u00e9micas que realizan investigaci\u00f3n de campo en Puebla.<\/p>\n\n\n\n<p>Por su parte, Ricardo Ernesto L\u00f3pez Priego tiene estudios de doctorado en Administraci\u00f3n P\u00fablica. Durante su trayectoria se ha desempe\u00f1ado en la administraci\u00f3n p\u00fablica, estatal y federal; fue asesor en la Secretar\u00eda de Energ\u00eda del gobierno federal. Asimismo, ha sido diputado federal y rector de la Universidad Polit\u00e9cnica de Amozoc.<\/p>\n\n\n\n<p>\u201cTenemos una encomienda especial por parte de la Rectora: fortalecer el trabajo y la comunicaci\u00f3n en todos los campus regionales, para lograr una mayor eficiencia en los procesos administrativos\u201d, refiri\u00f3.<\/p>\n","protected":false},"excerpt":{"rendered":"<p>Con el inter\u00e9s de fortalecer la administraci\u00f3n universitaria y garantizar el cumplimiento de objetivos, la Rectora Lilia Cedillo Ram\u00edrez tom\u00f3 protesta a Eugenio Juli\u00e1 Tarno, como titular del Centro de Investigaci\u00f3n sobre Opini\u00f3n P\u00fablica (CISO), y a Ricardo Ernesto L\u00f3pez Priego, como director de Servicios Generales, de la BUAP. Eugenio Juli\u00e1 Tarno estudi\u00f3 el Master [&hellip;]<\/p>\n","protected":false},"author":1,"featured_media":72471,"comment_status":"open","ping_status":"open","sticky":false,"template":"","format":"standard","meta":{"om_disable_all_campaigns":false,"_monsterinsights_skip_tracking":false,"_monsterinsights_sitenote_active":false,"_monsterinsights_sitenote_note":"","_monsterinsights_sitenote_category":0,"footnotes":""},"categories":[175],"tags":[186,223],"class_list":["post-72470","post","type-post","status-publish","format-standard","has-post-thumbnail","hentry","category-local","tag-buap","tag-puebla"],"amp_enabled":true,"_links":{"self":[{"href":"https:\/\/lahora.mx\/index.php\/wp-json\/wp\/v2\/posts\/72470","targetHints":{"allow":["GET"]}}],"collection":[{"href":"https:\/\/lahora.mx\/index.php\/wp-json\/wp\/v2\/posts"}],"about":[{"href":"https:\/\/lahora.mx\/index.php\/wp-json\/wp\/v2\/types\/post"}],"author":[{"embeddable":true,"href":"https:\/\/lahora.mx\/index.php\/wp-json\/wp\/v2\/users\/1"}],"replies":[{"embeddable":true,"href":"https:\/\/lahora.mx\/index.php\/wp-json\/wp\/v2\/comments?post=72470"}],"version-history":[{"count":1,"href":"https:\/\/lahora.mx\/index.php\/wp-json\/wp\/v2\/posts\/72470\/revisions"}],"predecessor-version":[{"id":72472,"href":"https:\/\/lahora.mx\/index.php\/wp-json\/wp\/v2\/posts\/72470\/revisions\/72472"}],"wp:featuredmedia":[{"embeddable":true,"href":"https:\/\/lahora.mx\/index.php\/wp-json\/wp\/v2\/media\/72471"}],"wp:attachment":[{"href":"https:\/\/lahora.mx\/index.php\/wp-json\/wp\/v2\/media?parent=72470"}],"wp:term":[{"taxonomy":"category","embeddable":true,"href":"https:\/\/lahora.mx\/index.php\/wp-json\/wp\/v2\/categories?post=72470"},{"taxonomy":"post_tag","embeddable":true,"href":"https:\/\/lahora.mx\/index.php\/wp-json\/wp\/v2\/tags?post=72470"}],"curies":[{"name":"wp","href":"https:\/\/api.w.org\/{rel}","templated":true}]}}