{"id":72465,"date":"2025-12-04T03:16:51","date_gmt":"2025-12-04T03:16:51","guid":{"rendered":"https:\/\/lahora.mx\/?p=72465"},"modified":"2025-12-04T03:29:48","modified_gmt":"2025-12-04T03:29:48","slug":"posponen-la-eleccion-del-nuevo-auditor-de-puebla-hasta-enero","status":"publish","type":"post","link":"https:\/\/lahora.mx\/index.php\/2025\/12\/04\/posponen-la-eleccion-del-nuevo-auditor-de-puebla-hasta-enero\/","title":{"rendered":"Posponen la elecci\u00f3n del nuevo auditor de Puebla hasta enero"},"content":{"rendered":"\n<p>La Junta de Gobierno y Coordinaci\u00f3n Pol\u00edtica del Congreso pospuso hasta el 15 de enero la elecci\u00f3n del nuevo titular de la Auditor\u00eda Superior, adem\u00e1s elimin\u00f3 a tres perfiles por no cumplir con los requisitos que establece la convocatoria, ellos son Vinissa Morales Mina, Luis Antonio Herrera P\u00e9rez, as\u00ed como Gabriel Hern\u00e1ndez Campos.<\/p>\n\n\n\n<p>Entrevistados al terminar la reuni\u00f3n que se extendi\u00f3 por m\u00e1s de dos horas, los representantes del PAN, Marcos Castro Mart\u00ednez y del PRI Delfina Pozos Vergara, explicaron que hubo un ajuste por los tiempos a la convocatoria, y el per\u00edodo del actual encargado de despacho habr\u00e1 de extenderse un poco m\u00e1s. <\/p>\n\n\n\n<p>Los nuevos tiempos se\u00f1alan que las comparecencias de los 11 finalistas ser\u00e1n entre el 13 y 14 de enero de 2026, y el d\u00eda 15 que inicia el segundo per\u00edodo el pleno habr\u00e1 de llevar a cabo la elecci\u00f3n.<\/p>\n\n\n\n<p>La lista de quienes deber\u00e1n comparecer el 13 y 14 de enero, est\u00e1 formada por:<\/p>\n\n\n\n<p>Rom\u00e1n S\u00e1nchez Zamora<br>Jos\u00e9 Manuel Domingo Dur\u00e1n Pe\u00f1a<br>Jos\u00e9 Amador Tejeda Carvajal<br>Eduardo Rom\u00e1n Cruz,<br>Rafael Cepeda Morales,<br>Germ\u00e1n Reyna y Herrero<br>Bibiana Gonz\u00e1lez P\u00e9rez<br>Francisco Romero Serrano<br>\u00c1lvaro S\u00e1nchez Jim\u00e9nez<br>Juan Carlos Moreno Valle Abdala<br>Mar\u00eda de Jes\u00fas Rodr\u00edguez Campos<\/p>\n\n\n\n<p>Para ser electos ser requiere la mayor\u00eda absoluta, es decir dos terceras parte del pleno.<\/p>\n","protected":false},"excerpt":{"rendered":"<p>La Junta de Gobierno y Coordinaci\u00f3n Pol\u00edtica del Congreso pospuso hasta el 15 de enero la elecci\u00f3n del nuevo titular de la Auditor\u00eda Superior, adem\u00e1s elimin\u00f3 a tres perfiles por no cumplir con los requisitos que establece la convocatoria, ellos son Vinissa Morales Mina, Luis Antonio Herrera P\u00e9rez, as\u00ed como Gabriel Hern\u00e1ndez Campos. Entrevistados al [&hellip;]<\/p>\n","protected":false},"author":1,"featured_media":72466,"comment_status":"open","ping_status":"open","sticky":false,"template":"","format":"standard","meta":{"om_disable_all_campaigns":false,"_monsterinsights_skip_tracking":false,"_monsterinsights_sitenote_active":false,"_monsterinsights_sitenote_note":"","_monsterinsights_sitenote_category":0,"footnotes":""},"categories":[175],"tags":[],"class_list":["post-72465","post","type-post","status-publish","format-standard","has-post-thumbnail","hentry","category-local"],"amp_enabled":true,"_links":{"self":[{"href":"https:\/\/lahora.mx\/index.php\/wp-json\/wp\/v2\/posts\/72465","targetHints":{"allow":["GET"]}}],"collection":[{"href":"https:\/\/lahora.mx\/index.php\/wp-json\/wp\/v2\/posts"}],"about":[{"href":"https:\/\/lahora.mx\/index.php\/wp-json\/wp\/v2\/types\/post"}],"author":[{"embeddable":true,"href":"https:\/\/lahora.mx\/index.php\/wp-json\/wp\/v2\/users\/1"}],"replies":[{"embeddable":true,"href":"https:\/\/lahora.mx\/index.php\/wp-json\/wp\/v2\/comments?post=72465"}],"version-history":[{"count":2,"href":"https:\/\/lahora.mx\/index.php\/wp-json\/wp\/v2\/posts\/72465\/revisions"}],"predecessor-version":[{"id":72468,"href":"https:\/\/lahora.mx\/index.php\/wp-json\/wp\/v2\/posts\/72465\/revisions\/72468"}],"wp:featuredmedia":[{"embeddable":true,"href":"https:\/\/lahora.mx\/index.php\/wp-json\/wp\/v2\/media\/72466"}],"wp:attachment":[{"href":"https:\/\/lahora.mx\/index.php\/wp-json\/wp\/v2\/media?parent=72465"}],"wp:term":[{"taxonomy":"category","embeddable":true,"href":"https:\/\/lahora.mx\/index.php\/wp-json\/wp\/v2\/categories?post=72465"},{"taxonomy":"post_tag","embeddable":true,"href":"https:\/\/lahora.mx\/index.php\/wp-json\/wp\/v2\/tags?post=72465"}],"curies":[{"name":"wp","href":"https:\/\/api.w.org\/{rel}","templated":true}]}}