{"id":72456,"date":"2025-12-04T01:52:15","date_gmt":"2025-12-04T01:52:15","guid":{"rendered":"https:\/\/lahora.mx\/?p=72456"},"modified":"2025-12-04T01:52:16","modified_gmt":"2025-12-04T01:52:16","slug":"armenta-confirma-primer-informe-el-13-de-diciembre-seguridad-y-proyectos-ejes-importantes","status":"publish","type":"post","link":"https:\/\/lahora.mx\/index.php\/2025\/12\/04\/armenta-confirma-primer-informe-el-13-de-diciembre-seguridad-y-proyectos-ejes-importantes\/","title":{"rendered":"Armenta confirma Primer Informe el 13 de diciembre: seguridad y proyectos, ejes importantes"},"content":{"rendered":"\n<p>El Primer Informe de Actividades del gobernador Alejandro Armenta Mier se llevar\u00e1 a cabo el pr\u00f3ximo 13 de diciembre en la ciudad de Puebla, el cual se enfocar\u00e1 en la estrategia de seguridad y proyectos de desarrollo regional.<\/p>\n\n\n\n<p>En una conferencia de prensa en la Ciudad de M\u00e9xico de este mi\u00e9rcoles, se\u00f1al\u00f3 que este ejercicio de la administraci\u00f3n actual, confiere a la rendici\u00f3n de cuentas centrada en la protecci\u00f3n ciudadana.<br><br>\u201cEl informe de actividades que rendiremos ser\u00e1 el d\u00eda 13 de diciembre. Y para nosotros era muy importante acudir con ustedes y que de cada una de las \u00e1reas que atiende los temas de atenci\u00f3n, protecci\u00f3n y seguridad haya un reporte\u201d, se\u00f1al\u00f3.<\/p>\n\n\n\n<p>El desglose de los resultados a un a\u00f1o de tomar el cargo, se articular\u00e1 especialmente de las acciones de atenci\u00f3n, protecci\u00f3n y seguridad implementadas durante su primer a\u00f1o de gesti\u00f3n.<\/p>\n\n\n\n<p>El mandatario estatal revel\u00f3 una meta de fortalecimiento de la fuerza policial, en la que busca incorporar 2 mil nuevos elementos policiacos para 2026 en la zona metropolitana de Puebla.<\/p>\n\n\n\n<p>De esta cifra, el 70 por ciento de los reclutas deber\u00e1 ser aportado por el ayuntamiento, actualmente encabezado por el alcalde Jos\u00e9 Chedraui Budib.<\/p>\n\n\n\n<p>Adem\u00e1s, anticip\u00f3 el lanzamiento del operativo \u201cPuebla Segura\u201d durante la segunda semana de diciembre, una medida destinada a reforzar la vigilancia en el estado con motivo de la temporada de fin de a\u00f1o.<\/p>\n\n\n\n<p>Finalmente, el titular del Ejecutivo indic\u00f3 que su rendici\u00f3n de cuentas tambi\u00e9n destinar\u00e1 un espacio prioritario a la presentaci\u00f3n de proyectos clave para el desarrollo regional, se\u00f1alando una visi\u00f3n integral que busca equilibrar la seguridad con el crecimiento econ\u00f3mico y social de las distintas zonas de Puebla.<\/p>\n","protected":false},"excerpt":{"rendered":"<p>El Primer Informe de Actividades del gobernador Alejandro Armenta Mier se llevar\u00e1 a cabo el pr\u00f3ximo 13 de diciembre en la ciudad de Puebla, el cual se enfocar\u00e1 en la estrategia de seguridad y proyectos de desarrollo regional. En una conferencia de prensa en la Ciudad de M\u00e9xico de este mi\u00e9rcoles, se\u00f1al\u00f3 que este ejercicio [&hellip;]<\/p>\n","protected":false},"author":1,"featured_media":72457,"comment_status":"open","ping_status":"open","sticky":false,"template":"","format":"standard","meta":{"om_disable_all_campaigns":false,"_monsterinsights_skip_tracking":false,"_monsterinsights_sitenote_active":false,"_monsterinsights_sitenote_note":"","_monsterinsights_sitenote_category":0,"footnotes":""},"categories":[175],"tags":[239,195,223],"class_list":["post-72456","post","type-post","status-publish","format-standard","has-post-thumbnail","hentry","category-local","tag-gobierno","tag-principal","tag-puebla"],"amp_enabled":true,"_links":{"self":[{"href":"https:\/\/lahora.mx\/index.php\/wp-json\/wp\/v2\/posts\/72456","targetHints":{"allow":["GET"]}}],"collection":[{"href":"https:\/\/lahora.mx\/index.php\/wp-json\/wp\/v2\/posts"}],"about":[{"href":"https:\/\/lahora.mx\/index.php\/wp-json\/wp\/v2\/types\/post"}],"author":[{"embeddable":true,"href":"https:\/\/lahora.mx\/index.php\/wp-json\/wp\/v2\/users\/1"}],"replies":[{"embeddable":true,"href":"https:\/\/lahora.mx\/index.php\/wp-json\/wp\/v2\/comments?post=72456"}],"version-history":[{"count":1,"href":"https:\/\/lahora.mx\/index.php\/wp-json\/wp\/v2\/posts\/72456\/revisions"}],"predecessor-version":[{"id":72458,"href":"https:\/\/lahora.mx\/index.php\/wp-json\/wp\/v2\/posts\/72456\/revisions\/72458"}],"wp:featuredmedia":[{"embeddable":true,"href":"https:\/\/lahora.mx\/index.php\/wp-json\/wp\/v2\/media\/72457"}],"wp:attachment":[{"href":"https:\/\/lahora.mx\/index.php\/wp-json\/wp\/v2\/media?parent=72456"}],"wp:term":[{"taxonomy":"category","embeddable":true,"href":"https:\/\/lahora.mx\/index.php\/wp-json\/wp\/v2\/categories?post=72456"},{"taxonomy":"post_tag","embeddable":true,"href":"https:\/\/lahora.mx\/index.php\/wp-json\/wp\/v2\/tags?post=72456"}],"curies":[{"name":"wp","href":"https:\/\/api.w.org\/{rel}","templated":true}]}}