{"id":72453,"date":"2025-12-03T23:23:31","date_gmt":"2025-12-03T23:23:31","guid":{"rendered":"https:\/\/lahora.mx\/?p=72453"},"modified":"2025-12-04T01:49:47","modified_gmt":"2025-12-04T01:49:47","slug":"deja-bloqueo-en-la-autopista-acatzingo-ciudad-mendoza-a-familias-en-incertidumbre-y-sin-servicios-basicos","status":"publish","type":"post","link":"https:\/\/lahora.mx\/index.php\/2025\/12\/03\/deja-bloqueo-en-la-autopista-acatzingo-ciudad-mendoza-a-familias-en-incertidumbre-y-sin-servicios-basicos\/","title":{"rendered":"Deja bloqueo en la autopista Acatzingo\u2013Ciudad Mendoza a familias en incertidumbre y sin servicios b\u00e1sicos"},"content":{"rendered":"\n<p>M\u00e1s de 17 horas han pasado desde el inicio del bloqueo en la autopista Acatzingo\u2013Ciudad Mendoza, lo que ha provocado una fila inmensa de veh\u00edculos inm\u00f3viles que se extiende varios kil\u00f3metros bajo el sol. En medio de esta par\u00e1lisis, personas de todas las edades enfrentan las consecuencias f\u00edsicas del encierro prolongado, pues llevan horas sin ingerir alimentos ni bebidas, sin acceso a servicios b\u00e1sicos y expuestos al clima.<\/p>\n\n\n\n<p>A casi un d\u00eda del bloqueo vial encabezado por agricultores de Puebla y otras entidades federativas, quienes exigen a las autoridades federales derogar la Ley de Aguas vigente desde 1992 y construir un nuevo marco jur\u00eddico con la participaci\u00f3n de los pueblos, las personas que utilizan esta vialidad se enfrentan a la incertidumbre de no saber cu\u00e1nto tiempo m\u00e1s podr\u00e1n resistir.<\/p>\n\n\n\n<p><\/p>\n\n\n\n<p>Urge familia liberar vialidad pues trasladan un f\u00e9retro<br>La familia de Claudia Rosas viaja desde Ciudad de M\u00e9xico y explica que llevan m\u00e1s de dos horas detenidos en el tr\u00e1fico.<\/p>\n\n\n\n<p>Rosas, quien viaja con adultos mayores e infantes, debe trasladarse con urgencia este mi\u00e9rcoles al estado de Oaxaca, debido a que viajan con un f\u00e9retro desde hace un d\u00eda, por lo que existe el temor de que los restos se descompongan.<\/p>\n\n\n\n<p>Polic\u00edas de la Secretar\u00eda de Seguridad P\u00fablica (SSP) llegaron al lugar e intentaron dialogar con los protestantes<br><br>Disputa entre sindicatos por una obra, la causa del cierre autopista Puebla-Tlaxcala<br>La maquinaria incendiada ser\u00eda utilizada para iniciar la ampliaci\u00f3n de la carretera<\/p>\n\n\n\n<p>La camioneta de pasajeros en la que viaja con su familia qued\u00f3 varada sobre la autopista, a la altura del municipio de Acatzingo. Sin embargo, la carroza con el f\u00e9retro se perdi\u00f3 entre la inmensa fila de autos.<\/p>\n\n\n\n<p>Se\u00f1ala que desde la ma\u00f1ana de ayer no han podido ingerir alimentos ni bebidas, pues no existe alg\u00fan establecimiento cercano al que pueda acudir, adem\u00e1s de que no hay sanitarios.<\/p>\n\n\n\n<p>Con desesperaci\u00f3n, la mujer pide apoyo de las autoridades para intervenir en el bloqueo de campesinos, pues si bien legitim\u00f3 su demanda, dijo que tambi\u00e9n afectan a otras personas.<\/p>\n\n\n\n<p>Kil\u00f3metros m\u00e1s adelante, Rey D\u00edaz Rivera, conductor de un transporte de pasajeros, traslada a m\u00e1s de una veintena de personas desde Guadalajara hacia Veracruz. La hora estimada de llegada era a las 10 de la ma\u00f1ana, pero, debido al bloqueo, no hay una hora estimada.<\/p>\n\n\n\n<p>Para el operador con m\u00e1s de 30 a\u00f1os de experiencia, esta situaci\u00f3n no es nueva y sabe que no hay opci\u00f3n m\u00e1s que tener paciencia hasta que se libere alg\u00fan acceso.<\/p>\n\n\n\n<p><br>Detiene Audi M\u00e9xico producci\u00f3n por bloqueos carreteros de agricultores y transportistas<br>Decidi\u00f3 aplicar un paro t\u00e9cnico durante los tres turnos de la jornada, ante los retrasos en el suministro de materiales<\/p>\n\n\n\n<p>Juan Ram\u00f3n y Antonio son dos de los m\u00e1s de 50 peregrinos que se encuentran detenidos en la autopista desde hace varias horas. Los hombres viajan con ni\u00f1os y mujeres en, al menos, cuatro camionetas de carga.<\/p>\n\n\n\n<p>Peregrinos tambi\u00e9n ven truncado su caminar por bloqueo carretero<br>Los peregrinos llevan m\u00e1s de 8 horas viajando con direcci\u00f3n hacia Chiapas y a lo largo de ese tiempo tampoco han podido ingerir alimentos ni bebidas, ni siquiera los infantes.<\/p>\n\n\n\n<p>Los creyentes de la virgen de Guadalupe no han recibido informaci\u00f3n sobre lo que sucede en la autopista y solo se mantienen a la espera de que la circulaci\u00f3n comience.<\/p>\n\n\n\n<p>En algunos tramos de la autopista, automovilistas desesperados por salir de la extensa columna de tr\u00e1nsito que se extiende por varios kil\u00f3metros intentan dise\u00f1ar caminos de piedra sobre las laterales de la autopista para poder desviarse.<\/p>\n\n\n\n<p>A lo largo del trayecto no hay presencia de elementos del Ej\u00e9rcito Nacional o de la Guardia Nacional que ofrezca informaci\u00f3n a los ciudadanos que quedaron varados en el lugar.<\/p>\n","protected":false},"excerpt":{"rendered":"<p>M\u00e1s de 17 horas han pasado desde el inicio del bloqueo en la autopista Acatzingo\u2013Ciudad Mendoza, lo que ha provocado una fila inmensa de veh\u00edculos inm\u00f3viles que se extiende varios kil\u00f3metros bajo el sol. En medio de esta par\u00e1lisis, personas de todas las edades enfrentan las consecuencias f\u00edsicas del encierro prolongado, pues llevan horas sin [&hellip;]<\/p>\n","protected":false},"author":1,"featured_media":72454,"comment_status":"open","ping_status":"open","sticky":false,"template":"","format":"standard","meta":{"om_disable_all_campaigns":false,"_monsterinsights_skip_tracking":false,"_monsterinsights_sitenote_active":false,"_monsterinsights_sitenote_note":"","_monsterinsights_sitenote_category":0,"footnotes":""},"categories":[175],"tags":[195,223],"class_list":["post-72453","post","type-post","status-publish","format-standard","has-post-thumbnail","hentry","category-local","tag-principal","tag-puebla"],"amp_enabled":true,"_links":{"self":[{"href":"https:\/\/lahora.mx\/index.php\/wp-json\/wp\/v2\/posts\/72453","targetHints":{"allow":["GET"]}}],"collection":[{"href":"https:\/\/lahora.mx\/index.php\/wp-json\/wp\/v2\/posts"}],"about":[{"href":"https:\/\/lahora.mx\/index.php\/wp-json\/wp\/v2\/types\/post"}],"author":[{"embeddable":true,"href":"https:\/\/lahora.mx\/index.php\/wp-json\/wp\/v2\/users\/1"}],"replies":[{"embeddable":true,"href":"https:\/\/lahora.mx\/index.php\/wp-json\/wp\/v2\/comments?post=72453"}],"version-history":[{"count":1,"href":"https:\/\/lahora.mx\/index.php\/wp-json\/wp\/v2\/posts\/72453\/revisions"}],"predecessor-version":[{"id":72455,"href":"https:\/\/lahora.mx\/index.php\/wp-json\/wp\/v2\/posts\/72453\/revisions\/72455"}],"wp:featuredmedia":[{"embeddable":true,"href":"https:\/\/lahora.mx\/index.php\/wp-json\/wp\/v2\/media\/72454"}],"wp:attachment":[{"href":"https:\/\/lahora.mx\/index.php\/wp-json\/wp\/v2\/media?parent=72453"}],"wp:term":[{"taxonomy":"category","embeddable":true,"href":"https:\/\/lahora.mx\/index.php\/wp-json\/wp\/v2\/categories?post=72453"},{"taxonomy":"post_tag","embeddable":true,"href":"https:\/\/lahora.mx\/index.php\/wp-json\/wp\/v2\/tags?post=72453"}],"curies":[{"name":"wp","href":"https:\/\/api.w.org\/{rel}","templated":true}]}}