{"id":72450,"date":"2025-12-03T23:19:52","date_gmt":"2025-12-03T23:19:52","guid":{"rendered":"https:\/\/lahora.mx\/?p=72450"},"modified":"2025-12-03T23:19:53","modified_gmt":"2025-12-03T23:19:53","slug":"personas-con-discapacidad-visual-se-manifiestan-en-el-centro-de-puebla","status":"publish","type":"post","link":"https:\/\/lahora.mx\/index.php\/2025\/12\/03\/personas-con-discapacidad-visual-se-manifiestan-en-el-centro-de-puebla\/","title":{"rendered":"Personas con discapacidad visual se manifiestan en el Centro de Puebla"},"content":{"rendered":"\n<p>La Asociaci\u00f3n Cultural y Recreativa Para la Proyecci\u00f3n del Invidente (ACRIP) se manifest\u00f3 afuera del Palacio Municipal de Puebla para exigir mejoras en las avenidas para que puedan transitar en condiciones dignas.<\/p>\n\n\n\n<p>Un grupo de aproximadamente 30 personas recorrieron algunas calles de la capital, hasta que arribaron al ayuntamiento de Puebla donde exigieron que sus demandas sean atendidas y puedan transitar de manera segura por las avenidas en la Angel\u00f3polis.<br>Dicha marcha se realiz\u00f3 este mi\u00e9rcoles tres de diciembre en el marco del D\u00eda Internacional de las Personas con Discapacidad es una celebraci\u00f3n anual que tiene lugar en esta fecha desde 1992, instaurada por la Asamblea General de las Naciones Unidas en ese mismo a\u00f1o.<\/p>\n\n\n\n<p>Es as\u00ed que dicho grupo sali\u00f3 a las calles este mi\u00e9rcoles con la finalidad de promover los derechos y necesidades de las y los ciudadanos que tienen distintos tipos de discapacidades.<\/p>\n\n\n\n<p>Durante la manifestaci\u00f3n gritaron \u201c\u00a1Se\u00f1or presidente, apoya al invidente!\u201d, en sus consignas solicitan una mejor infraestructura, sem\u00e1foros auditivos y mayor inclusi\u00f3n.<\/p>\n\n\n\n<p>La marcha inici\u00f3 en el Gallito, en el Paseo Bravo, el contingente tom\u00f3 Avenida Reforma, de la 11 Sur a la calle 5 de mayo, hasta que concluy\u00f3 en Palacio Municipal.<\/p>\n","protected":false},"excerpt":{"rendered":"<p>La Asociaci\u00f3n Cultural y Recreativa Para la Proyecci\u00f3n del Invidente (ACRIP) se manifest\u00f3 afuera del Palacio Municipal de Puebla para exigir mejoras en las avenidas para que puedan transitar en condiciones dignas. Un grupo de aproximadamente 30 personas recorrieron algunas calles de la capital, hasta que arribaron al ayuntamiento de Puebla donde exigieron que sus [&hellip;]<\/p>\n","protected":false},"author":1,"featured_media":72451,"comment_status":"open","ping_status":"open","sticky":false,"template":"","format":"standard","meta":{"om_disable_all_campaigns":false,"_monsterinsights_skip_tracking":false,"_monsterinsights_sitenote_active":false,"_monsterinsights_sitenote_note":"","_monsterinsights_sitenote_category":0,"footnotes":""},"categories":[175],"tags":[223],"class_list":["post-72450","post","type-post","status-publish","format-standard","has-post-thumbnail","hentry","category-local","tag-puebla"],"amp_enabled":true,"_links":{"self":[{"href":"https:\/\/lahora.mx\/index.php\/wp-json\/wp\/v2\/posts\/72450","targetHints":{"allow":["GET"]}}],"collection":[{"href":"https:\/\/lahora.mx\/index.php\/wp-json\/wp\/v2\/posts"}],"about":[{"href":"https:\/\/lahora.mx\/index.php\/wp-json\/wp\/v2\/types\/post"}],"author":[{"embeddable":true,"href":"https:\/\/lahora.mx\/index.php\/wp-json\/wp\/v2\/users\/1"}],"replies":[{"embeddable":true,"href":"https:\/\/lahora.mx\/index.php\/wp-json\/wp\/v2\/comments?post=72450"}],"version-history":[{"count":1,"href":"https:\/\/lahora.mx\/index.php\/wp-json\/wp\/v2\/posts\/72450\/revisions"}],"predecessor-version":[{"id":72452,"href":"https:\/\/lahora.mx\/index.php\/wp-json\/wp\/v2\/posts\/72450\/revisions\/72452"}],"wp:featuredmedia":[{"embeddable":true,"href":"https:\/\/lahora.mx\/index.php\/wp-json\/wp\/v2\/media\/72451"}],"wp:attachment":[{"href":"https:\/\/lahora.mx\/index.php\/wp-json\/wp\/v2\/media?parent=72450"}],"wp:term":[{"taxonomy":"category","embeddable":true,"href":"https:\/\/lahora.mx\/index.php\/wp-json\/wp\/v2\/categories?post=72450"},{"taxonomy":"post_tag","embeddable":true,"href":"https:\/\/lahora.mx\/index.php\/wp-json\/wp\/v2\/tags?post=72450"}],"curies":[{"name":"wp","href":"https:\/\/api.w.org\/{rel}","templated":true}]}}