{"id":72447,"date":"2025-12-03T19:43:52","date_gmt":"2025-12-03T19:43:52","guid":{"rendered":"https:\/\/lahora.mx\/?p=72447"},"modified":"2025-12-03T19:43:52","modified_gmt":"2025-12-03T19:43:52","slug":"pese-a-protestas-avanza-ley-de-aguas-nacionales","status":"publish","type":"post","link":"https:\/\/lahora.mx\/index.php\/2025\/12\/03\/pese-a-protestas-avanza-ley-de-aguas-nacionales\/","title":{"rendered":"Pese a protestas avanza Ley de Aguas Nacionales"},"content":{"rendered":"\n<p>La Comisi\u00f3n de Recursos Hidr\u00e1ulicos, Agua Potable y Saneamiento aprob\u00f3 la iniciativa para reformar la Ley de Aguas Nacionales<\/p>\n\n\n\n<p>Tras esta resoluci\u00f3n, ahora la nueva ley h\u00eddrica se turnar\u00e1 al pleno de la C\u00e1mara de Diputados donde se discutir\u00e1 en medio de la tensi\u00f3n que existe a las afuera del Palacio Legislativo en San L\u00e1zaro el cual est\u00e1 rodeado por campesinos y productores agropecuarios.<\/p>\n\n\n\n<p>Cabe mencionar que la minuta impulsada por la presidenta de M\u00e9xico, Claudia Sheinbaum Pardo, fue analizada por la Comisi\u00f3n de Recursos Hidr\u00e1ulicos pasadas las 10:00 de la ma\u00f1ana.<\/p>\n\n\n\n<p>En este contexto y ante medios de comunicaci\u00f3n, la presidenta de la Mesa Directiva, la diputada Kenia L\u00f3pez Rabad\u00e1n detall\u00f3 que el nuevo marco normativo sobre el derecho y aprovechamiento de aguas contendr\u00e1 50 modificaciones en la Comisi\u00f3n de Recursos H\u00eddricos.&nbsp;<\/p>\n\n\n\n<p>La presidenta de la C\u00e1mara de Diputados recalc\u00f3 la importancia de este tema para millones de mexicanos, ya que se debe tomar en cuenta el agua, tierra y alimentos dentro de la discusi\u00f3n.<\/p>\n\n\n\n<h2 class=\"wp-block-heading\"><strong>Se atienden peticiones de productores<\/strong><\/h2>\n\n\n\n<p>Por su parte el presidente de la Junta de Coordinaci\u00f3n Pol\u00edtica (Jucopo), diputado Ricardo Monreal \u00c1vila (Morena), apunt\u00f3 la atenci\u00f3n de la mayor\u00eda de las peticiones de las personas productoras; sin embargo, subray\u00f3 que a\u00fan existen temas pendientes a tomar en cuenta.<\/p>\n\n\n\n<p>El legislador denot\u00f3 que el asunto de la venta de una propiedad leg\u00edtima donde exista agua se incluir\u00e1 la concesi\u00f3n de agua. Asimismo, no cerr\u00f3 la posibilidad a que existan m\u00e1s cambios, adem\u00e1s que se encuentra resuelto el tema se\u00f1alado por los ganadores donde se solicitaba la no exclusi\u00f3n de las concesiones de agua.<\/p>\n","protected":false},"excerpt":{"rendered":"<p>La Comisi\u00f3n de Recursos Hidr\u00e1ulicos, Agua Potable y Saneamiento aprob\u00f3 la iniciativa para reformar la Ley de Aguas Nacionales Tras esta resoluci\u00f3n, ahora la nueva ley h\u00eddrica se turnar\u00e1 al pleno de la C\u00e1mara de Diputados donde se discutir\u00e1 en medio de la tensi\u00f3n que existe a las afuera del Palacio Legislativo en San L\u00e1zaro [&hellip;]<\/p>\n","protected":false},"author":1,"featured_media":72448,"comment_status":"open","ping_status":"open","sticky":false,"template":"","format":"standard","meta":{"om_disable_all_campaigns":false,"_monsterinsights_skip_tracking":false,"_monsterinsights_sitenote_active":false,"_monsterinsights_sitenote_note":"","_monsterinsights_sitenote_category":0,"footnotes":""},"categories":[176],"tags":[195],"class_list":["post-72447","post","type-post","status-publish","format-standard","has-post-thumbnail","hentry","category-nacional","tag-principal"],"amp_enabled":true,"_links":{"self":[{"href":"https:\/\/lahora.mx\/index.php\/wp-json\/wp\/v2\/posts\/72447","targetHints":{"allow":["GET"]}}],"collection":[{"href":"https:\/\/lahora.mx\/index.php\/wp-json\/wp\/v2\/posts"}],"about":[{"href":"https:\/\/lahora.mx\/index.php\/wp-json\/wp\/v2\/types\/post"}],"author":[{"embeddable":true,"href":"https:\/\/lahora.mx\/index.php\/wp-json\/wp\/v2\/users\/1"}],"replies":[{"embeddable":true,"href":"https:\/\/lahora.mx\/index.php\/wp-json\/wp\/v2\/comments?post=72447"}],"version-history":[{"count":1,"href":"https:\/\/lahora.mx\/index.php\/wp-json\/wp\/v2\/posts\/72447\/revisions"}],"predecessor-version":[{"id":72449,"href":"https:\/\/lahora.mx\/index.php\/wp-json\/wp\/v2\/posts\/72447\/revisions\/72449"}],"wp:featuredmedia":[{"embeddable":true,"href":"https:\/\/lahora.mx\/index.php\/wp-json\/wp\/v2\/media\/72448"}],"wp:attachment":[{"href":"https:\/\/lahora.mx\/index.php\/wp-json\/wp\/v2\/media?parent=72447"}],"wp:term":[{"taxonomy":"category","embeddable":true,"href":"https:\/\/lahora.mx\/index.php\/wp-json\/wp\/v2\/categories?post=72447"},{"taxonomy":"post_tag","embeddable":true,"href":"https:\/\/lahora.mx\/index.php\/wp-json\/wp\/v2\/tags?post=72447"}],"curies":[{"name":"wp","href":"https:\/\/api.w.org\/{rel}","templated":true}]}}