{"id":72440,"date":"2025-12-03T18:36:09","date_gmt":"2025-12-03T18:36:09","guid":{"rendered":"https:\/\/lahora.mx\/?p=72440"},"modified":"2025-12-03T18:36:10","modified_gmt":"2025-12-03T18:36:10","slug":"blanca-alcala-prepara-su-salida-del-pri-para-sumarse-al-pan-en-2026","status":"publish","type":"post","link":"https:\/\/lahora.mx\/index.php\/2025\/12\/03\/blanca-alcala-prepara-su-salida-del-pri-para-sumarse-al-pan-en-2026\/","title":{"rendered":"Blanca Alcal\u00e1 prepara su salida del PRI para sumarse al PAN en 2026"},"content":{"rendered":"\n<p>Blanca Alcal\u00e1 Ruiz prepara su salida del Partido Revolucionario Institucional (PRI) para incorporarse a las filas del Partido Acci\u00f3n Nacional (PAN) a partir de 2026. Con lo que contin\u00faa la desbandada en el partido \u201cTricolor\u201d y cada vez m\u00e1s cuadros emigran a otras fuerzas pol\u00edticas.<\/p>\n\n\n\n<p>Sin embargo, el PAN no es el \u00fanico partido que abre las puertas a la expresidenta municipal para sumarse a un nuevo proyecto pol\u00edtico.<\/p>\n\n\n\n<p>Tanto para los partidos del oficialismo como de la oposici\u00f3n, Alcal\u00e1 Ruiz es considerada un activo importante dentro de la pol\u00edtica poblana.<\/p>\n\n\n\n<p>Incluso es considerada una de las priistas poblanas m\u00e1s relevantes y reconocidas por su trayectoria y liderazgo a nivel nacional.<\/p>\n\n\n\n<p>El dirigente estatal del Partido Verde Ecologista de M\u00e9xico, Jaime Natale, consider\u00f3 a Blanca Alcal\u00e1 un \u201cmuy buen cuadro\u201d. Aunque indic\u00f3 que hasta el momento no ha tenido ning\u00fan acercamiento con ella.<\/p>\n\n\n\n<p>Es un gran perfil, con experiencia, muy disciplinada, muy leal a su partido en tiempos buenos y en tiempos malos. Si se me hace un buen perfil, pero creo que ella tiene claros sus ideales que son tricolores y la respetamos\u201d.<\/p>\n\n\n\n<p>Por su parte, la dirigente estatal de Movimiento Ciudadano, Fedrha Suriano, indic\u00f3 que, a pesar de la amistad, nunca se ha puesto en la mesa su posible integraci\u00f3n al partido naranja.<\/p>\n\n\n\n<p>La licenciada Blanca Alcal\u00e1 es una mujer con suficiente capacidad, tablas, experiencia. Es una mujer y una pol\u00edtica de altura. Nosotros somos un partido abierto a quien quiera fortalecer los temas de los poblanos\u201d.<\/p>\n\n\n\n<p>Asimismo, Suriano Corrales indic\u00f3 que ella como cualquier otro ciudadano tienen las puertas abiertas del partido.<\/p>\n\n\n\n<p>En tanto, el diputado local Rafael Micalco, indic\u00f3 que es la dirigencia estatal quien debe de evaluar la incorporaci\u00f3n de perfiles \u201crelevantes\u201d que hayan militado en otros partidos. Por lo que resalt\u00f3 que \u201ctodo suma\u201d de cara al proceso electoral de 2027.<\/p>\n\n\n\n<p>Blanca Alcal\u00e1 adelant\u00f3 su salida del PRI en el podcast de Paco Fraile<br>Blanca Alcal\u00e1 Ruiz reconoci\u00f3 al panista Francisco Fraile su reciente distanciamiento con la dirigencia nacional del PRI. Partido en el que ha militado por m\u00e1s de 30 a\u00f1os.<\/p>\n\n\n\n<p>As\u00ed declar\u00f3 Blanca Alcal\u00e1 sobre su eventual salida del PRI en el podcast de YouTube \u201cEl Pastor\u201d:<\/p>\n\n\n\n<p>Mi militancia est\u00e1 en suspenso Paco, definitivamente hace tiempo que dej\u00e9 el Comit\u00e9 Directivo Nacional del que formaba parte\u201d.<\/p>\n\n\n\n<p>La primera alcaldesa de Puebla evidenci\u00f3 su nula compatibilidad con la postura con el presidente del PRI, Alejandro Moreno C\u00e1rdenas.<\/p>\n\n\n\n<p>Aunque a\u00fan es militante del PRI, no descart\u00f3 la posibilidad de sumarse a otro partido pol\u00edtico de cara las elecciones de 2027.<\/p>\n\n\n\n<p>MANTENTE AL D\u00cdA CON TODO LO \u00daLTIMO EN NUESTRO CANAL DE TELEGRAM<\/p>\n\n\n\n<p>Por lo que indic\u00f3 que, en 2026, definir\u00eda su futuro pol\u00edtico inmediato, tras tomarse un a\u00f1o sab\u00e1tico, fuera del poder y el ojo p\u00fablico, pero no de la pol\u00edtica.<\/p>\n\n\n\n<p>Fuentes allegadas a CENTRAL indicaron que las negociaciones entre Blanca Alcal\u00e1 y el PAN ya se encuentran m\u00e1s que avanzadas.<\/p>\n\n\n\n<p>Sin embargo, se espera que, para enero de 2026, se haga oficial la incorporaci\u00f3n de la exembajadora de M\u00e9xico al \u201cblanquiazul\u201d.<\/p>\n\n\n\n<p>Esto va de la mano con los cambios de los estatutos de Acci\u00f3n Nacional, en los que permitir\u00e1 a los ciudadanos ser candidatos sin la necesidad de militar en el partido:<\/p>\n\n\n\n<p>Ahora con la reforma a los estatutos del PAN, las candidaturas del 2027 ser\u00e1n para todos los hombres y mujeres de bien y que quieren un mejor M\u00e9xico\u201d.<\/p>\n","protected":false},"excerpt":{"rendered":"<p>Blanca Alcal\u00e1 Ruiz prepara su salida del Partido Revolucionario Institucional (PRI) para incorporarse a las filas del Partido Acci\u00f3n Nacional (PAN) a partir de 2026. Con lo que contin\u00faa la desbandada en el partido \u201cTricolor\u201d y cada vez m\u00e1s cuadros emigran a otras fuerzas pol\u00edticas. Sin embargo, el PAN no es el \u00fanico partido que [&hellip;]<\/p>\n","protected":false},"author":1,"featured_media":72441,"comment_status":"open","ping_status":"open","sticky":false,"template":"","format":"standard","meta":{"om_disable_all_campaigns":false,"_monsterinsights_skip_tracking":false,"_monsterinsights_sitenote_active":false,"_monsterinsights_sitenote_note":"","_monsterinsights_sitenote_category":0,"footnotes":""},"categories":[5],"tags":[195],"class_list":["post-72440","post","type-post","status-publish","format-standard","has-post-thumbnail","hentry","category-politica","tag-principal"],"amp_enabled":true,"_links":{"self":[{"href":"https:\/\/lahora.mx\/index.php\/wp-json\/wp\/v2\/posts\/72440","targetHints":{"allow":["GET"]}}],"collection":[{"href":"https:\/\/lahora.mx\/index.php\/wp-json\/wp\/v2\/posts"}],"about":[{"href":"https:\/\/lahora.mx\/index.php\/wp-json\/wp\/v2\/types\/post"}],"author":[{"embeddable":true,"href":"https:\/\/lahora.mx\/index.php\/wp-json\/wp\/v2\/users\/1"}],"replies":[{"embeddable":true,"href":"https:\/\/lahora.mx\/index.php\/wp-json\/wp\/v2\/comments?post=72440"}],"version-history":[{"count":1,"href":"https:\/\/lahora.mx\/index.php\/wp-json\/wp\/v2\/posts\/72440\/revisions"}],"predecessor-version":[{"id":72442,"href":"https:\/\/lahora.mx\/index.php\/wp-json\/wp\/v2\/posts\/72440\/revisions\/72442"}],"wp:featuredmedia":[{"embeddable":true,"href":"https:\/\/lahora.mx\/index.php\/wp-json\/wp\/v2\/media\/72441"}],"wp:attachment":[{"href":"https:\/\/lahora.mx\/index.php\/wp-json\/wp\/v2\/media?parent=72440"}],"wp:term":[{"taxonomy":"category","embeddable":true,"href":"https:\/\/lahora.mx\/index.php\/wp-json\/wp\/v2\/categories?post=72440"},{"taxonomy":"post_tag","embeddable":true,"href":"https:\/\/lahora.mx\/index.php\/wp-json\/wp\/v2\/tags?post=72440"}],"curies":[{"name":"wp","href":"https:\/\/api.w.org\/{rel}","templated":true}]}}