{"id":72418,"date":"2025-12-03T13:47:06","date_gmt":"2025-12-03T13:47:06","guid":{"rendered":"https:\/\/lahora.mx\/?p=72418"},"modified":"2025-12-03T13:47:07","modified_gmt":"2025-12-03T13:47:07","slug":"ayuntamiento-de-tlaxcala-entrega-cocinas-moviles-a-cinco-escuelas-para-mejorar-la-alimentacion-infantil","status":"publish","type":"post","link":"https:\/\/lahora.mx\/index.php\/2025\/12\/03\/ayuntamiento-de-tlaxcala-entrega-cocinas-moviles-a-cinco-escuelas-para-mejorar-la-alimentacion-infantil\/","title":{"rendered":"AYUNTAMIENTO DE TLAXCALA ENTREGA COCINAS M\u00d3VILES A CINCO ESCUELAS PARA MEJORAR LA ALIMENTACI\u00d3N INFANTIL"},"content":{"rendered":"\n<p>Este es el resultado del trabajo conjunto entre el SMDIF y el SEDIF<\/p>\n\n\n\n<p>El Gobierno Municipal de Tlaxcala, que preside Alfonso S\u00e1nchez Garc\u00eda, contin\u00faa impulsando acciones que fortalecen el bienestar de la ni\u00f1ez capitalina, por lo que a trav\u00e9s del Sistema Municipal DIF y en coordinaci\u00f3n con DIF Estatal, se realiz\u00f3 la primera etapa de entrega de cocinas m\u00f3viles del Programa de Alimentaci\u00f3n Escolar en su \u201cModalidad Caliente\u201d.<\/p>\n\n\n\n<p>Estas cocinas m\u00f3viles, completamente equipadas, fueron destinadas a escuelas que no cuentan con un espacio adecuado para comedor, lo que permitir\u00e1 que cientos de ni\u00f1as y ni\u00f1os tengan acceso a alimentos preparados en condiciones \u00f3ptimas.<\/p>\n\n\n\n<p>Entre los planteles beneficiados se encuentran el Jard\u00edn de Ni\u00f1os Cuauht\u00e9moc y la Escuela Primaria Axayacatzin, ambos ubicados en Santa Mar\u00eda Acuitlapilco; el Jard\u00edn de Ni\u00f1os Rebeca Torres de Lira y la Escuela Primaria Juan Escutia, situados en la colonia La Loma Xicoht\u00e9ncatl; as\u00ed como la Escuela Primaria Xicoht\u00e9ncatl Axayacatzin, en la comunidad de Loma Bonita. Estas acciones tendr\u00e1n un impacto inmediato en la comunidad escolar.<\/p>\n\n\n\n<p>Con este trabajo coordinado, el Ayuntamiento de Tlaxcala ampl\u00eda los beneficios destinados a las ni\u00f1as y a los ni\u00f1os de la capital y garantiza un desarrollo m\u00e1s digno, saludable y equitativo para las nuevas generaciones.<\/p>\n","protected":false},"excerpt":{"rendered":"<p>Este es el resultado del trabajo conjunto entre el SMDIF y el SEDIF El Gobierno Municipal de Tlaxcala, que preside Alfonso S\u00e1nchez Garc\u00eda, contin\u00faa impulsando acciones que fortalecen el bienestar de la ni\u00f1ez capitalina, por lo que a trav\u00e9s del Sistema Municipal DIF y en coordinaci\u00f3n con DIF Estatal, se realiz\u00f3 la primera etapa de [&hellip;]<\/p>\n","protected":false},"author":1,"featured_media":72419,"comment_status":"open","ping_status":"open","sticky":false,"template":"","format":"standard","meta":{"om_disable_all_campaigns":false,"_monsterinsights_skip_tracking":false,"_monsterinsights_sitenote_active":false,"_monsterinsights_sitenote_note":"","_monsterinsights_sitenote_category":0,"footnotes":""},"categories":[175],"tags":[239,210],"class_list":["post-72418","post","type-post","status-publish","format-standard","has-post-thumbnail","hentry","category-local","tag-gobierno","tag-tlaxcala"],"amp_enabled":true,"_links":{"self":[{"href":"https:\/\/lahora.mx\/index.php\/wp-json\/wp\/v2\/posts\/72418","targetHints":{"allow":["GET"]}}],"collection":[{"href":"https:\/\/lahora.mx\/index.php\/wp-json\/wp\/v2\/posts"}],"about":[{"href":"https:\/\/lahora.mx\/index.php\/wp-json\/wp\/v2\/types\/post"}],"author":[{"embeddable":true,"href":"https:\/\/lahora.mx\/index.php\/wp-json\/wp\/v2\/users\/1"}],"replies":[{"embeddable":true,"href":"https:\/\/lahora.mx\/index.php\/wp-json\/wp\/v2\/comments?post=72418"}],"version-history":[{"count":1,"href":"https:\/\/lahora.mx\/index.php\/wp-json\/wp\/v2\/posts\/72418\/revisions"}],"predecessor-version":[{"id":72420,"href":"https:\/\/lahora.mx\/index.php\/wp-json\/wp\/v2\/posts\/72418\/revisions\/72420"}],"wp:featuredmedia":[{"embeddable":true,"href":"https:\/\/lahora.mx\/index.php\/wp-json\/wp\/v2\/media\/72419"}],"wp:attachment":[{"href":"https:\/\/lahora.mx\/index.php\/wp-json\/wp\/v2\/media?parent=72418"}],"wp:term":[{"taxonomy":"category","embeddable":true,"href":"https:\/\/lahora.mx\/index.php\/wp-json\/wp\/v2\/categories?post=72418"},{"taxonomy":"post_tag","embeddable":true,"href":"https:\/\/lahora.mx\/index.php\/wp-json\/wp\/v2\/tags?post=72418"}],"curies":[{"name":"wp","href":"https:\/\/api.w.org\/{rel}","templated":true}]}}