{"id":72415,"date":"2025-12-02T19:38:00","date_gmt":"2025-12-02T19:38:00","guid":{"rendered":"https:\/\/lahora.mx\/?p=72415"},"modified":"2025-12-03T13:43:09","modified_gmt":"2025-12-03T13:43:09","slug":"impulsan-gobierno-municipal-de-tlaxcala-e-ite-el-liderazgo-politico-de-las-mujeres","status":"publish","type":"post","link":"https:\/\/lahora.mx\/index.php\/2025\/12\/02\/impulsan-gobierno-municipal-de-tlaxcala-e-ite-el-liderazgo-politico-de-las-mujeres\/","title":{"rendered":"IMPULSAN GOBIERNO MUNICIPAL DE TLAXCALA E ITE EL LIDERAZGO POL\u00cdTICO DE LAS MUJERES"},"content":{"rendered":"\n<p>El Gobierno Municipal de Tlaxcala, a trav\u00e9s del Instituto Municipal de la Mujer, llev\u00f3 a cabo una capacitaci\u00f3n sobre Derechos Pol\u00edtico-Electorales, en colaboraci\u00f3n con el Instituto Tlaxcalteca de Elecciones (ITE), en el marco de los 16 D\u00edas de Activismo por la Eliminaci\u00f3n de la Violencia contra la Mujer.<\/p>\n\n\n\n<p>Esta actividad reuni\u00f3 a mujeres interesadas en fortalecer su participaci\u00f3n en la vida p\u00fablica y adquirir herramientas para prevenir la violencia pol\u00edtica de g\u00e9nero.<\/p>\n\n\n\n<p>La sesi\u00f3n fue impartida por la consejera electoral del ITE, Janet Cervantes Ahuatzi, quien expuso un panorama general sobre la relevancia de los derechos pol\u00edtico-electorales, el papel hist\u00f3rico de las mujeres en su conquista y los marcos normativos que garantizan su ejercicio.<\/p>\n\n\n\n<p>Durante su intervenci\u00f3n, la directora del Instituto Municipal de la Mujer, Lizbeth Briones S\u00e1nchez, subray\u00f3 la importancia de abrir espacios de formaci\u00f3n que brinden confianza, acompa\u00f1amiento e informaci\u00f3n a las tlaxcaltecas. \u201cHablar de estos temas es una forma de cuidarnos y de impulsar nuestra voz\u201d, afirm\u00f3.<\/p>\n\n\n\n<p>Asimismo, se destac\u00f3 el trabajo del ITE en la promoci\u00f3n de la igualdad y la paridad, as\u00ed como su labor de capacitaci\u00f3n orientada a prevenir la violencia pol\u00edtica de g\u00e9nero desde los municipios, con el fin de fortalecer la vida democr\u00e1tica del estado.<\/p>\n\n\n\n<p>Al cierre de la jornada, se reconoci\u00f3 el respaldo del presidente municipal de Tlaxcala, Alfonso S\u00e1nchez Garc\u00eda, por impulsar acciones que fomentan el liderazgo y la participaci\u00f3n pol\u00edtica de las mujeres.<\/p>\n","protected":false},"excerpt":{"rendered":"<p>El Gobierno Municipal de Tlaxcala, a trav\u00e9s del Instituto Municipal de la Mujer, llev\u00f3 a cabo una capacitaci\u00f3n sobre Derechos Pol\u00edtico-Electorales, en colaboraci\u00f3n con el Instituto Tlaxcalteca de Elecciones (ITE), en el marco de los 16 D\u00edas de Activismo por la Eliminaci\u00f3n de la Violencia contra la Mujer. Esta actividad reuni\u00f3 a mujeres interesadas en [&hellip;]<\/p>\n","protected":false},"author":1,"featured_media":72416,"comment_status":"open","ping_status":"open","sticky":false,"template":"","format":"standard","meta":{"om_disable_all_campaigns":false,"_monsterinsights_skip_tracking":false,"_monsterinsights_sitenote_active":false,"_monsterinsights_sitenote_note":"","_monsterinsights_sitenote_category":0,"footnotes":""},"categories":[175],"tags":[210],"class_list":["post-72415","post","type-post","status-publish","format-standard","has-post-thumbnail","hentry","category-local","tag-tlaxcala"],"amp_enabled":true,"_links":{"self":[{"href":"https:\/\/lahora.mx\/index.php\/wp-json\/wp\/v2\/posts\/72415","targetHints":{"allow":["GET"]}}],"collection":[{"href":"https:\/\/lahora.mx\/index.php\/wp-json\/wp\/v2\/posts"}],"about":[{"href":"https:\/\/lahora.mx\/index.php\/wp-json\/wp\/v2\/types\/post"}],"author":[{"embeddable":true,"href":"https:\/\/lahora.mx\/index.php\/wp-json\/wp\/v2\/users\/1"}],"replies":[{"embeddable":true,"href":"https:\/\/lahora.mx\/index.php\/wp-json\/wp\/v2\/comments?post=72415"}],"version-history":[{"count":1,"href":"https:\/\/lahora.mx\/index.php\/wp-json\/wp\/v2\/posts\/72415\/revisions"}],"predecessor-version":[{"id":72417,"href":"https:\/\/lahora.mx\/index.php\/wp-json\/wp\/v2\/posts\/72415\/revisions\/72417"}],"wp:featuredmedia":[{"embeddable":true,"href":"https:\/\/lahora.mx\/index.php\/wp-json\/wp\/v2\/media\/72416"}],"wp:attachment":[{"href":"https:\/\/lahora.mx\/index.php\/wp-json\/wp\/v2\/media?parent=72415"}],"wp:term":[{"taxonomy":"category","embeddable":true,"href":"https:\/\/lahora.mx\/index.php\/wp-json\/wp\/v2\/categories?post=72415"},{"taxonomy":"post_tag","embeddable":true,"href":"https:\/\/lahora.mx\/index.php\/wp-json\/wp\/v2\/tags?post=72415"}],"curies":[{"name":"wp","href":"https:\/\/api.w.org\/{rel}","templated":true}]}}