{"id":7241,"date":"2022-05-22T01:51:14","date_gmt":"2022-05-22T01:51:14","guid":{"rendered":"http:\/\/lahora.mx\/?p=7241"},"modified":"2022-05-22T01:51:16","modified_gmt":"2022-05-22T01:51:16","slug":"activistas-y-politicos-exigen-justicia-por-cecilia-monzon","status":"publish","type":"post","link":"https:\/\/lahora.mx\/index.php\/2022\/05\/22\/activistas-y-politicos-exigen-justicia-por-cecilia-monzon\/","title":{"rendered":"Activistas y pol\u00edticos exigen justicia por Cecilia Monz\u00f3n"},"content":{"rendered":"\n<p><strong>Organizaciones, activistas y pol\u00edticos<\/strong>&nbsp;de Puebla condenaron el asesinato de la abogada y activista feminista&nbsp;<strong>Cecilia Monz\u00f3n P\u00e9rez<\/strong>, perpetrado la ma\u00f1ana de este s\u00e1bado en&nbsp;<strong>San Pedro Cholula,<\/strong>&nbsp;y exigieron justicia a la Fiscal\u00eda General del Estado (FGE)<strong>.<\/strong><\/p>\n\n\n\n<p>Minutos despu\u00e9s de que se confirm\u00f3 la identificaci\u00f3n de la conductora ejecutada en\u00a0<strong>Perif\u00e9rico Ecol\u00f3gico y la salida a Camino Real a Momoxpan<\/strong>, la alcaldesa de San Pedro Cholula,\u00a0<strong>Paola Angon Silva<\/strong>, fue una de las primeras en lamentar el ataque y\u00a0<strong>prometi\u00f3 que su gobierno trabajar\u00e1 \u00aben estrecha coordinaci\u00f3n\u00bb con la FGE<\/strong>.<\/p>\n\n\n\n<p>La&nbsp;<strong>Red Plural de Mujeres<\/strong>, a trav\u00e9s de&nbsp;<strong>Socorro Quezada Tiempo<\/strong>, pidi\u00f3 al gobernador Luis Miguel Barbosa Huerta y a la Fiscal\u00eda de Puebla, detener a los responsables y&nbsp;<strong>convoc\u00f3 a una manifestaci\u00f3n ma\u00f1ana<\/strong>&nbsp;a las 10:00 horas en las instalaciones de la FGE.<\/p>\n\n\n\n<p>\u00abElla era una compa\u00f1era que defendi\u00f3 las causas de las mujeres, hizo ver la situaci\u00f3n de desigualdad que vivimos las mujeres. Ella misma fue objeto de violencia pol\u00edtica (&#8230;) \u00bfa qui\u00e9n le molestaba Cecilia Monz\u00f3n?, \u00bfa qui\u00e9n le estorbaban sus proyectos? Yo no voy a dar nombres, los tendra que dar la Fiscal\u00eda\u00bb.<\/p>\n\n\n\n<p>El\u00a0<strong>Observatorio Ciudadano de Derechos Sexuales y Reproductivos A.C<\/strong>\u00a0(Odesyr) exigi\u00f3 la \u00abinmediata soluci\u00f3n de este crimen\u00bb y\u00a0<strong>reproch\u00f3 el abandono del gobierno hacia las mujeres.<\/strong><\/p>\n\n\n\n<p><strong>ACMIRA Asociaci\u00f3n Civi<\/strong>l dijo que no debe existir tolerancia cuando<strong>\u00a0\u00abse sigue acabando con la vida de las mujeres en Puebla\u00bb.<\/strong><\/p>\n\n\n\n<p>Periodistas y activistas como&nbsp;<strong>Lizbeth Mejorada, Eduarne Ochoa y Natal\u00ed Hern\u00e1ndez<\/strong>&nbsp;se dijeron consternados por el asesinato de una mujer trabajadora, comprometida y defensora que&nbsp;<strong>deja a un hijo en la orfandad.<\/strong><\/p>\n\n\n\n<p>Las ex presidentas municipales de Puebla,&nbsp;<strong>Claudia Rivera Vivanco y Blanca Alcal\u00e1<\/strong>, la presidenta de la Mesa Directiva del Congreso de Puebla,&nbsp;<strong>Nora Escamilla<\/strong>, la secretaria del ayuntamiento de Puebla,&nbsp;<strong>Silvia Tan\u00fas<\/strong>&nbsp;y el diputado federal&nbsp;<strong>Ignacio Mier<\/strong>, tambi\u00e9n se pronunciaron al respecto.<\/p>\n","protected":false},"excerpt":{"rendered":"<p>Organizaciones, activistas y pol\u00edticos&nbsp;de Puebla condenaron el asesinato de la abogada y activista feminista&nbsp;Cecilia Monz\u00f3n P\u00e9rez, perpetrado la ma\u00f1ana de este s\u00e1bado en&nbsp;San Pedro Cholula,&nbsp;y exigieron justicia a la Fiscal\u00eda General del Estado (FGE). Minutos despu\u00e9s de que se confirm\u00f3 la identificaci\u00f3n de la conductora ejecutada en\u00a0Perif\u00e9rico Ecol\u00f3gico y la salida a Camino Real a [&hellip;]<\/p>\n","protected":false},"author":4,"featured_media":7242,"comment_status":"open","ping_status":"open","sticky":false,"template":"","format":"standard","meta":{"om_disable_all_campaigns":false,"_monsterinsights_skip_tracking":false,"_monsterinsights_sitenote_active":false,"_monsterinsights_sitenote_note":"","_monsterinsights_sitenote_category":0,"footnotes":""},"categories":[175],"tags":[223],"class_list":["post-7241","post","type-post","status-publish","format-standard","has-post-thumbnail","hentry","category-local","tag-puebla"],"amp_enabled":true,"_links":{"self":[{"href":"https:\/\/lahora.mx\/index.php\/wp-json\/wp\/v2\/posts\/7241","targetHints":{"allow":["GET"]}}],"collection":[{"href":"https:\/\/lahora.mx\/index.php\/wp-json\/wp\/v2\/posts"}],"about":[{"href":"https:\/\/lahora.mx\/index.php\/wp-json\/wp\/v2\/types\/post"}],"author":[{"embeddable":true,"href":"https:\/\/lahora.mx\/index.php\/wp-json\/wp\/v2\/users\/4"}],"replies":[{"embeddable":true,"href":"https:\/\/lahora.mx\/index.php\/wp-json\/wp\/v2\/comments?post=7241"}],"version-history":[{"count":1,"href":"https:\/\/lahora.mx\/index.php\/wp-json\/wp\/v2\/posts\/7241\/revisions"}],"predecessor-version":[{"id":7243,"href":"https:\/\/lahora.mx\/index.php\/wp-json\/wp\/v2\/posts\/7241\/revisions\/7243"}],"wp:featuredmedia":[{"embeddable":true,"href":"https:\/\/lahora.mx\/index.php\/wp-json\/wp\/v2\/media\/7242"}],"wp:attachment":[{"href":"https:\/\/lahora.mx\/index.php\/wp-json\/wp\/v2\/media?parent=7241"}],"wp:term":[{"taxonomy":"category","embeddable":true,"href":"https:\/\/lahora.mx\/index.php\/wp-json\/wp\/v2\/categories?post=7241"},{"taxonomy":"post_tag","embeddable":true,"href":"https:\/\/lahora.mx\/index.php\/wp-json\/wp\/v2\/tags?post=7241"}],"curies":[{"name":"wp","href":"https:\/\/api.w.org\/{rel}","templated":true}]}}