{"id":72404,"date":"2025-12-03T02:11:36","date_gmt":"2025-12-03T02:11:36","guid":{"rendered":"https:\/\/lahora.mx\/?p=72404"},"modified":"2025-12-03T02:12:59","modified_gmt":"2025-12-03T02:12:59","slug":"toma-protesta-pepe-chedraui-a-inspectoras-e-inspectores-de-seccion","status":"publish","type":"post","link":"https:\/\/lahora.mx\/index.php\/2025\/12\/03\/toma-protesta-pepe-chedraui-a-inspectoras-e-inspectores-de-seccion\/","title":{"rendered":"Toma protesta Pepe Chedraui a inspectoras e inspectores de secci\u00f3n"},"content":{"rendered":"\n<p><em>&#8211; El presidente municipal refrend\u00f3 su compromiso de trabajar de manera cercana y coordinada<\/em><\/p>\n\n\n\n<p><em>&#8211; El secretario General de Gobierno, Franco Rodr\u00edguez destac\u00f3 la importancia de las y los inspectores al se\u00f1alar que son el primer contacto con la sociedad<\/em><\/p>\n\n\n\n<p>Puebla, Pue., 02 de diciembre de 2025.- El presidente municipal, Pepe Chedraui Budib encabez\u00f3 la entrega de Constancias de Mayor\u00eda y toma de protesta a 29 inspectoras e inspectores de secci\u00f3n 2025- 2028, a quienes refrend\u00f3 su compromiso de trabajar de manera cercana, destacando que este esfuerzo se construye d\u00eda a d\u00eda y en coordinaci\u00f3n permanente.<\/p>\n\n\n\n<p>Durante el evento, enfatiz\u00f3 que las y los inspectores representan el primer contacto con la ciudadan\u00eda, por lo que se fortalecer\u00e1 el trabajo conjunto para responder con oportunidad a las necesidades de cada comunidad. Asimismo, reitero el trabajo coordinado con el gobernador Alejandro Armenta y la presidenta Claudia Sheinbaum.<\/p>\n\n\n\n<p>\u201cHay que aprovechar esta gran coordinaci\u00f3n y la generosidad del gobernador que ha demostrado para Puebla capital, estamos muy contentos de recibirlos y recibirlas porque eso quiere decir que est\u00e1n interesados en que le vaya bien a Puebla\u201d, expuso.<\/p>\n\n\n\n<p>En tanto, el secretario General de Gobierno, Franco Rodr\u00edguez \u00c1lvarez agradeci\u00f3 a las y los inspectores por asumir esta responsabilidad en favor de las y los ciudadanos, luego de convocarlos a trabajar en conjunto con las y los presidentes auxiliares en donde se encuentran asentadas sus comunidades, as\u00ed como con los tres niveles de gobierno.<\/p>\n\n\n\n<p>\u201cEsta responsabilidad se las debemos a los ciudadanos. Para nosotros es fundamental su trabajo porque son la parte m\u00e1s cercana a la sociedad y con ella m\u00e1s cercana a las necesidades, los problemas de nuestra ciudad, por eso la instrucci\u00f3n que hemos recibido es que puedan ser los primeros gestores para resolver las necesidades de todas y cada de nuestras colonias e inspector\u00edas\u201d, dijo.<\/p>\n\n\n\n<p>En este acto estuvieron presentes el secretario General, Joaqu\u00edn Espidio Camarillo; la subsecretaria de Desarrollo Pol\u00edtico, Isabel Merlo Talavera; el subsecretario de Gobierno, Carlos Blanco Villasuso y el subsecretario de Abastecimientos, Mauro Nava.<\/p>\n","protected":false},"excerpt":{"rendered":"<p>&#8211; El presidente municipal refrend\u00f3 su compromiso de trabajar de manera cercana y coordinada &#8211; El secretario General de Gobierno, Franco Rodr\u00edguez destac\u00f3 la importancia de las y los inspectores al se\u00f1alar que son el primer contacto con la sociedad Puebla, Pue., 02 de diciembre de 2025.- El presidente municipal, Pepe Chedraui Budib encabez\u00f3 la [&hellip;]<\/p>\n","protected":false},"author":1,"featured_media":72405,"comment_status":"open","ping_status":"open","sticky":false,"template":"","format":"standard","meta":{"om_disable_all_campaigns":false,"_monsterinsights_skip_tracking":false,"_monsterinsights_sitenote_active":false,"_monsterinsights_sitenote_note":"","_monsterinsights_sitenote_category":0,"footnotes":""},"categories":[5],"tags":[223],"class_list":["post-72404","post","type-post","status-publish","format-standard","has-post-thumbnail","hentry","category-politica","tag-puebla"],"amp_enabled":true,"_links":{"self":[{"href":"https:\/\/lahora.mx\/index.php\/wp-json\/wp\/v2\/posts\/72404","targetHints":{"allow":["GET"]}}],"collection":[{"href":"https:\/\/lahora.mx\/index.php\/wp-json\/wp\/v2\/posts"}],"about":[{"href":"https:\/\/lahora.mx\/index.php\/wp-json\/wp\/v2\/types\/post"}],"author":[{"embeddable":true,"href":"https:\/\/lahora.mx\/index.php\/wp-json\/wp\/v2\/users\/1"}],"replies":[{"embeddable":true,"href":"https:\/\/lahora.mx\/index.php\/wp-json\/wp\/v2\/comments?post=72404"}],"version-history":[{"count":1,"href":"https:\/\/lahora.mx\/index.php\/wp-json\/wp\/v2\/posts\/72404\/revisions"}],"predecessor-version":[{"id":72406,"href":"https:\/\/lahora.mx\/index.php\/wp-json\/wp\/v2\/posts\/72404\/revisions\/72406"}],"wp:featuredmedia":[{"embeddable":true,"href":"https:\/\/lahora.mx\/index.php\/wp-json\/wp\/v2\/media\/72405"}],"wp:attachment":[{"href":"https:\/\/lahora.mx\/index.php\/wp-json\/wp\/v2\/media?parent=72404"}],"wp:term":[{"taxonomy":"category","embeddable":true,"href":"https:\/\/lahora.mx\/index.php\/wp-json\/wp\/v2\/categories?post=72404"},{"taxonomy":"post_tag","embeddable":true,"href":"https:\/\/lahora.mx\/index.php\/wp-json\/wp\/v2\/tags?post=72404"}],"curies":[{"name":"wp","href":"https:\/\/api.w.org\/{rel}","templated":true}]}}