{"id":72384,"date":"2025-12-02T18:00:19","date_gmt":"2025-12-02T18:00:19","guid":{"rendered":"https:\/\/lahora.mx\/?p=72384"},"modified":"2025-12-02T18:00:19","modified_gmt":"2025-12-02T18:00:19","slug":"integra-senado-lista-de-10-aspirantes-para-dirigir-la-fgr","status":"publish","type":"post","link":"https:\/\/lahora.mx\/index.php\/2025\/12\/02\/integra-senado-lista-de-10-aspirantes-para-dirigir-la-fgr\/","title":{"rendered":"Integra Senado lista de 10 aspirantes para dirigir la FGR"},"content":{"rendered":"\n<p>De 43 a 10 aspirantes qued\u00f3 conformada la lista a ocupar la titularidad de la Fiscal\u00eda General de la Rep\u00fablica (FGR), despu\u00e9s de la renuncia de Alejandro Gertz Manero la semana pasada.<\/p>\n\n\n\n<p>Lo anterior fue informado por la Junta de Coordinaci\u00f3n Pol\u00edtica (Jucopo) del Senado de la Rep\u00fablica, donde detalla que la lista qued\u00f3 integrada por cinco hombres y cinco mujeres, entre ellas se encuentra Ernestina Godoy Ramos, actual encargada de despacho de la FGR.<br><br>La lista de diez aspirantes qued\u00f3 de la siguiente manera<\/p>\n\n\n\n<ul class=\"wp-block-list\">\n<li>Luz Mar\u00eda Zarza Delgado<\/li>\n\n\n\n<li>Maribel Bojorges Beltr\u00e1n<\/li>\n\n\n\n<li>Sandra Luz Gonz\u00e1lez Mogoll\u00f3n<\/li>\n\n\n\n<li>Ernestina Godoy Ramos<\/li>\n\n\n\n<li>Mirna Luc\u00eda Grande Hern\u00e1ndez<\/li>\n\n\n\n<li>Luis Manuel P\u00e9rez de Acha<\/li>\n\n\n\n<li>Alfredo Barrera Flores<\/li>\n\n\n\n<li>Hamlet Garc\u00eda Almaguer<\/li>\n\n\n\n<li>David Borja Padilla<\/li>\n\n\n\n<li>Miguel Nava Alvarado<\/li>\n<\/ul>\n\n\n\n<p>Dicha lista debe ser aprobada por mayor\u00eda calificada por el pleno del Senado en pr\u00f3ximas horas para posteriormente ser enviada a la presidenta de M\u00e9xico, Claudia Sheinbaum Pardo, con la finalidad de que integre una terna que devolver\u00e1 a la C\u00e1mara Alta, instancia que elegir\u00e1 a la persona que encabezar\u00e1 a la FGR por los pr\u00f3ximos nueve a\u00f1os.<\/p>\n\n\n\n<p>Cabe recordar que Gertz Manero asumi\u00f3 como fiscal general en enero de 2019 y estaba previsto que permanecer\u00eda en el cargo hasta enero de 2028, pero renunci\u00f3 la tarde del jueves 27 de noviembre para ocupar un puesto como representante de M\u00e9xico en un \u201cpa\u00eds amigo\u201d, sin especificar cu\u00e1l.<\/p>\n","protected":false},"excerpt":{"rendered":"<p>De 43 a 10 aspirantes qued\u00f3 conformada la lista a ocupar la titularidad de la Fiscal\u00eda General de la Rep\u00fablica (FGR), despu\u00e9s de la renuncia de Alejandro Gertz Manero la semana pasada. Lo anterior fue informado por la Junta de Coordinaci\u00f3n Pol\u00edtica (Jucopo) del Senado de la Rep\u00fablica, donde detalla que la lista qued\u00f3 integrada [&hellip;]<\/p>\n","protected":false},"author":1,"featured_media":72385,"comment_status":"open","ping_status":"open","sticky":false,"template":"","format":"standard","meta":{"om_disable_all_campaigns":false,"_monsterinsights_skip_tracking":false,"_monsterinsights_sitenote_active":false,"_monsterinsights_sitenote_note":"","_monsterinsights_sitenote_category":0,"footnotes":""},"categories":[176],"tags":[],"class_list":["post-72384","post","type-post","status-publish","format-standard","has-post-thumbnail","hentry","category-nacional"],"amp_enabled":true,"_links":{"self":[{"href":"https:\/\/lahora.mx\/index.php\/wp-json\/wp\/v2\/posts\/72384","targetHints":{"allow":["GET"]}}],"collection":[{"href":"https:\/\/lahora.mx\/index.php\/wp-json\/wp\/v2\/posts"}],"about":[{"href":"https:\/\/lahora.mx\/index.php\/wp-json\/wp\/v2\/types\/post"}],"author":[{"embeddable":true,"href":"https:\/\/lahora.mx\/index.php\/wp-json\/wp\/v2\/users\/1"}],"replies":[{"embeddable":true,"href":"https:\/\/lahora.mx\/index.php\/wp-json\/wp\/v2\/comments?post=72384"}],"version-history":[{"count":1,"href":"https:\/\/lahora.mx\/index.php\/wp-json\/wp\/v2\/posts\/72384\/revisions"}],"predecessor-version":[{"id":72386,"href":"https:\/\/lahora.mx\/index.php\/wp-json\/wp\/v2\/posts\/72384\/revisions\/72386"}],"wp:featuredmedia":[{"embeddable":true,"href":"https:\/\/lahora.mx\/index.php\/wp-json\/wp\/v2\/media\/72385"}],"wp:attachment":[{"href":"https:\/\/lahora.mx\/index.php\/wp-json\/wp\/v2\/media?parent=72384"}],"wp:term":[{"taxonomy":"category","embeddable":true,"href":"https:\/\/lahora.mx\/index.php\/wp-json\/wp\/v2\/categories?post=72384"},{"taxonomy":"post_tag","embeddable":true,"href":"https:\/\/lahora.mx\/index.php\/wp-json\/wp\/v2\/tags?post=72384"}],"curies":[{"name":"wp","href":"https:\/\/api.w.org\/{rel}","templated":true}]}}