{"id":7237,"date":"2022-05-22T01:44:50","date_gmt":"2022-05-22T01:44:50","guid":{"rendered":"http:\/\/lahora.mx\/?p=7237"},"modified":"2022-05-22T01:45:44","modified_gmt":"2022-05-22T01:45:44","slug":"se-convoca-manifestacion-para-exigir-justicia-por-cecilia-monzon","status":"publish","type":"post","link":"https:\/\/lahora.mx\/index.php\/2022\/05\/22\/se-convoca-manifestacion-para-exigir-justicia-por-cecilia-monzon\/","title":{"rendered":"Se convoca manifestaci\u00f3n para exigir justicia por Cecilia Monz\u00f3n"},"content":{"rendered":"\n<p>La&nbsp;<strong>Red Plural de Mujeres del Estado<\/strong>&nbsp;convoc\u00f3 a una&nbsp;<strong>manifestaci\u00f3n este domingo en las inmediaciones de la Fiscal\u00eda General del Estado<\/strong>&nbsp;para&nbsp;<strong>exigir justicia<\/strong>&nbsp;por el feminicidio de Cecilia Monz\u00f3n<br>La manifestaci\u00f3n&nbsp;<strong>se llevar\u00e1 a cabo a las 10 de la ma\u00f1ana&nbsp;<\/strong>y reunir\u00e1 a las diversas integrantes de la agrupaci\u00f3n y al p\u00fablico en general.&nbsp;<br><\/p>\n\n\n\n<p>Posteriormente se llevar\u00e1 a cabo una&nbsp;<strong>rueda de prensa a las 12 en la 3 Oriente 206, en San Pedro Cholula para dar un posicionamiento sobre el asesinato.<\/strong><\/p>\n\n\n\n<p>La convocatoria se extendi\u00f3 para el p\u00fablico en general, por lo que esperan que se pueda reunir la mayor cantidad de gente posible.&nbsp;<a href=\"https:\/\/news.google.com\/publications\/CAAqBwgKMJvEiQswnKybAw?ceid=MX:es-419&amp;oc=3\" target=\"_blank\" rel=\"noreferrer noopener\"><\/a><\/p>\n","protected":false},"excerpt":{"rendered":"<p>La&nbsp;Red Plural de Mujeres del Estado&nbsp;convoc\u00f3 a una&nbsp;manifestaci\u00f3n este domingo en las inmediaciones de la Fiscal\u00eda General del Estado&nbsp;para&nbsp;exigir justicia&nbsp;por el feminicidio de Cecilia Monz\u00f3nLa manifestaci\u00f3n&nbsp;se llevar\u00e1 a cabo a las 10 de la ma\u00f1ana&nbsp;y reunir\u00e1 a las diversas integrantes de la agrupaci\u00f3n y al p\u00fablico en general.&nbsp; Posteriormente se llevar\u00e1 a cabo una&nbsp;rueda de [&hellip;]<\/p>\n","protected":false},"author":4,"featured_media":7238,"comment_status":"open","ping_status":"open","sticky":false,"template":"","format":"standard","meta":{"om_disable_all_campaigns":false,"_monsterinsights_skip_tracking":false,"_monsterinsights_sitenote_active":false,"_monsterinsights_sitenote_note":"","_monsterinsights_sitenote_category":0,"footnotes":""},"categories":[175],"tags":[195,223],"class_list":["post-7237","post","type-post","status-publish","format-standard","has-post-thumbnail","hentry","category-local","tag-principal","tag-puebla"],"amp_enabled":true,"_links":{"self":[{"href":"https:\/\/lahora.mx\/index.php\/wp-json\/wp\/v2\/posts\/7237","targetHints":{"allow":["GET"]}}],"collection":[{"href":"https:\/\/lahora.mx\/index.php\/wp-json\/wp\/v2\/posts"}],"about":[{"href":"https:\/\/lahora.mx\/index.php\/wp-json\/wp\/v2\/types\/post"}],"author":[{"embeddable":true,"href":"https:\/\/lahora.mx\/index.php\/wp-json\/wp\/v2\/users\/4"}],"replies":[{"embeddable":true,"href":"https:\/\/lahora.mx\/index.php\/wp-json\/wp\/v2\/comments?post=7237"}],"version-history":[{"count":2,"href":"https:\/\/lahora.mx\/index.php\/wp-json\/wp\/v2\/posts\/7237\/revisions"}],"predecessor-version":[{"id":7240,"href":"https:\/\/lahora.mx\/index.php\/wp-json\/wp\/v2\/posts\/7237\/revisions\/7240"}],"wp:featuredmedia":[{"embeddable":true,"href":"https:\/\/lahora.mx\/index.php\/wp-json\/wp\/v2\/media\/7238"}],"wp:attachment":[{"href":"https:\/\/lahora.mx\/index.php\/wp-json\/wp\/v2\/media?parent=7237"}],"wp:term":[{"taxonomy":"category","embeddable":true,"href":"https:\/\/lahora.mx\/index.php\/wp-json\/wp\/v2\/categories?post=7237"},{"taxonomy":"post_tag","embeddable":true,"href":"https:\/\/lahora.mx\/index.php\/wp-json\/wp\/v2\/tags?post=7237"}],"curies":[{"name":"wp","href":"https:\/\/api.w.org\/{rel}","templated":true}]}}