{"id":72369,"date":"2025-12-02T17:06:55","date_gmt":"2025-12-02T17:06:55","guid":{"rendered":"https:\/\/lahora.mx\/?p=72369"},"modified":"2025-12-02T17:06:55","modified_gmt":"2025-12-02T17:06:55","slug":"detenido-un-sujeto-en-oaxaca-con-armas-largas-municiones-y-dosis-de-droga","status":"publish","type":"post","link":"https:\/\/lahora.mx\/index.php\/2025\/12\/02\/detenido-un-sujeto-en-oaxaca-con-armas-largas-municiones-y-dosis-de-droga\/","title":{"rendered":"Detenido un sujeto en Oaxaca con armas largas, municiones y dosis de droga"},"content":{"rendered":"\n<p>Derivado de trabajos de investigaci\u00f3n e inteligencia en el estado de Oaxaca, en una acci\u00f3n encabezada por elementos de la Secretar\u00eda de Marina (Semar) junto con Secretar\u00eda de la Defensa Nacional (Defensa), Fiscal\u00eda General de la Rep\u00fablica (FGR), Guardia Nacional (GN) y Secretar\u00eda de Seguridad y Protecci\u00f3n Ciudadana (SSPC) y la Fiscal\u00eda General del Estado (FGEO), se ejecut\u00f3 un cateo en un inmueble ubicado en el Rancho El Llano, en el municipio de Juchit\u00e1n de Zaragoza, donde fue detenido Carlos \u201cN\u201d, presunto integrante de un grupo delictivo que opera en el municipio.<\/p>\n\n\n\n<p>Durante la intervenci\u00f3n se aseguraron seis armas largas, 27 cargadores, 760 cartuchos \u00fatiles, 13 chalecos bal\u00edsticos, 19 cascos bal\u00edsticos, 14 pares de botas, diverso equipo t\u00e1ctico y 54 dosis de metanfetamina.<br>Carlos \u00abN\u00bb, mejor conocido como \u00abCali\u00bb, es identificado como jefe de plaza de la c\u00e9lula delictiva \u201cLos Cromo\u201d, en el municipio de Juchit\u00e1n, en el estado de Oaxaca.<\/p>\n\n\n\n<p>A la persona detenida se le informaron sus derechos de ley y, junto con lo asegurado, fue puesta a disposici\u00f3n del agente del Ministerio P\u00fablico correspondiente, quien definir\u00e1 su situaci\u00f3n jur\u00eddica.<\/p>\n\n\n\n<p>Estas operaciones se enmarcan en los esfuerzos que, entre abril de 2024 y julio de 2025, la FGEO y fuerzas federales han intensificado contra diversas redes criminales en el estado. En 2025, como parte de la Operaci\u00f3n Sable, implementada por la Marina, se han detenido a 58 personas vinculadas a distintas c\u00e9lulas criminales en los municipios de Juchit\u00e1n, Tehuantepec, Ixtepec y Mat\u00edas Romero.<\/p>\n\n\n\n<p>Con estas acciones, las instituciones de seguridad refrendan su compromiso de trabajar de manera coordinada para fortalecer la paz, el orden y la seguridad de las familias mexicanas.<\/p>\n","protected":false},"excerpt":{"rendered":"<p>Derivado de trabajos de investigaci\u00f3n e inteligencia en el estado de Oaxaca, en una acci\u00f3n encabezada por elementos de la Secretar\u00eda de Marina (Semar) junto con Secretar\u00eda de la Defensa Nacional (Defensa), Fiscal\u00eda General de la Rep\u00fablica (FGR), Guardia Nacional (GN) y Secretar\u00eda de Seguridad y Protecci\u00f3n Ciudadana (SSPC) y la Fiscal\u00eda General del Estado [&hellip;]<\/p>\n","protected":false},"author":1,"featured_media":72370,"comment_status":"open","ping_status":"open","sticky":false,"template":"","format":"standard","meta":{"om_disable_all_campaigns":false,"_monsterinsights_skip_tracking":false,"_monsterinsights_sitenote_active":false,"_monsterinsights_sitenote_note":"","_monsterinsights_sitenote_category":0,"footnotes":""},"categories":[176,226],"tags":[],"class_list":["post-72369","post","type-post","status-publish","format-standard","has-post-thumbnail","hentry","category-nacional","category-policia"],"amp_enabled":true,"_links":{"self":[{"href":"https:\/\/lahora.mx\/index.php\/wp-json\/wp\/v2\/posts\/72369","targetHints":{"allow":["GET"]}}],"collection":[{"href":"https:\/\/lahora.mx\/index.php\/wp-json\/wp\/v2\/posts"}],"about":[{"href":"https:\/\/lahora.mx\/index.php\/wp-json\/wp\/v2\/types\/post"}],"author":[{"embeddable":true,"href":"https:\/\/lahora.mx\/index.php\/wp-json\/wp\/v2\/users\/1"}],"replies":[{"embeddable":true,"href":"https:\/\/lahora.mx\/index.php\/wp-json\/wp\/v2\/comments?post=72369"}],"version-history":[{"count":1,"href":"https:\/\/lahora.mx\/index.php\/wp-json\/wp\/v2\/posts\/72369\/revisions"}],"predecessor-version":[{"id":72371,"href":"https:\/\/lahora.mx\/index.php\/wp-json\/wp\/v2\/posts\/72369\/revisions\/72371"}],"wp:featuredmedia":[{"embeddable":true,"href":"https:\/\/lahora.mx\/index.php\/wp-json\/wp\/v2\/media\/72370"}],"wp:attachment":[{"href":"https:\/\/lahora.mx\/index.php\/wp-json\/wp\/v2\/media?parent=72369"}],"wp:term":[{"taxonomy":"category","embeddable":true,"href":"https:\/\/lahora.mx\/index.php\/wp-json\/wp\/v2\/categories?post=72369"},{"taxonomy":"post_tag","embeddable":true,"href":"https:\/\/lahora.mx\/index.php\/wp-json\/wp\/v2\/tags?post=72369"}],"curies":[{"name":"wp","href":"https:\/\/api.w.org\/{rel}","templated":true}]}}