{"id":72366,"date":"2025-12-02T16:21:04","date_gmt":"2025-12-02T16:21:04","guid":{"rendered":"https:\/\/lahora.mx\/?p=72366"},"modified":"2025-12-02T16:21:05","modified_gmt":"2025-12-02T16:21:05","slug":"mananera-sheinbaum-busca-reunion-con-el-papa-leon-xiv","status":"publish","type":"post","link":"https:\/\/lahora.mx\/index.php\/2025\/12\/02\/mananera-sheinbaum-busca-reunion-con-el-papa-leon-xiv\/","title":{"rendered":"MA\u00d1ANERA Sheinbaum busca reuni\u00f3n con el Papa Le\u00f3n XIV"},"content":{"rendered":"\n<p>Durante su conferencia de prensa de este 2 de diciembre, la presidenta Claudia Sheinbaum inform\u00f3 que ya realiza gestiones para sostener una conversaci\u00f3n con el Papa Le\u00f3n XIV, con el objetivo de organizar un encuentro oficial en Palacio Nacional.<\/p>\n\n\n\n<p>La mandataria explic\u00f3 que su equipo est\u00e1 buscando concretar una llamada inicial con el sumo pont\u00edfice, como primer paso para coordinar una eventual visita del l\u00edder de la Iglesia cat\u00f3lica a M\u00e9xico.<br>Sheinbaum tambi\u00e9n record\u00f3 que el Papa ha manifestado en diversas ocasiones su inter\u00e9s por acudir a la Bas\u00edlica de Guadalupe, por lo que su gobierno contempla fijar una fecha tentativa para que esta visita pueda llevarse a cabo.<\/p>\n","protected":false},"excerpt":{"rendered":"<p>Durante su conferencia de prensa de este 2 de diciembre, la presidenta Claudia Sheinbaum inform\u00f3 que ya realiza gestiones para sostener una conversaci\u00f3n con el Papa Le\u00f3n XIV, con el objetivo de organizar un encuentro oficial en Palacio Nacional. La mandataria explic\u00f3 que su equipo est\u00e1 buscando concretar una llamada inicial con el sumo pont\u00edfice, [&hellip;]<\/p>\n","protected":false},"author":1,"featured_media":72367,"comment_status":"open","ping_status":"open","sticky":false,"template":"","format":"standard","meta":{"om_disable_all_campaigns":false,"_monsterinsights_skip_tracking":false,"_monsterinsights_sitenote_active":false,"_monsterinsights_sitenote_note":"","_monsterinsights_sitenote_category":0,"footnotes":""},"categories":[176],"tags":[],"class_list":["post-72366","post","type-post","status-publish","format-standard","has-post-thumbnail","hentry","category-nacional"],"amp_enabled":true,"_links":{"self":[{"href":"https:\/\/lahora.mx\/index.php\/wp-json\/wp\/v2\/posts\/72366","targetHints":{"allow":["GET"]}}],"collection":[{"href":"https:\/\/lahora.mx\/index.php\/wp-json\/wp\/v2\/posts"}],"about":[{"href":"https:\/\/lahora.mx\/index.php\/wp-json\/wp\/v2\/types\/post"}],"author":[{"embeddable":true,"href":"https:\/\/lahora.mx\/index.php\/wp-json\/wp\/v2\/users\/1"}],"replies":[{"embeddable":true,"href":"https:\/\/lahora.mx\/index.php\/wp-json\/wp\/v2\/comments?post=72366"}],"version-history":[{"count":1,"href":"https:\/\/lahora.mx\/index.php\/wp-json\/wp\/v2\/posts\/72366\/revisions"}],"predecessor-version":[{"id":72368,"href":"https:\/\/lahora.mx\/index.php\/wp-json\/wp\/v2\/posts\/72366\/revisions\/72368"}],"wp:featuredmedia":[{"embeddable":true,"href":"https:\/\/lahora.mx\/index.php\/wp-json\/wp\/v2\/media\/72367"}],"wp:attachment":[{"href":"https:\/\/lahora.mx\/index.php\/wp-json\/wp\/v2\/media?parent=72366"}],"wp:term":[{"taxonomy":"category","embeddable":true,"href":"https:\/\/lahora.mx\/index.php\/wp-json\/wp\/v2\/categories?post=72366"},{"taxonomy":"post_tag","embeddable":true,"href":"https:\/\/lahora.mx\/index.php\/wp-json\/wp\/v2\/tags?post=72366"}],"curies":[{"name":"wp","href":"https:\/\/api.w.org\/{rel}","templated":true}]}}