{"id":72350,"date":"2025-12-01T23:30:39","date_gmt":"2025-12-01T23:30:39","guid":{"rendered":"https:\/\/lahora.mx\/?p=72350"},"modified":"2025-12-01T23:30:39","modified_gmt":"2025-12-01T23:30:39","slug":"se-inscriben-ante-el-senado-43-aspirantes-para-contender-por-la-fgr-destaca-ernestina-godoy-y-ricardo-peralta","status":"publish","type":"post","link":"https:\/\/lahora.mx\/index.php\/2025\/12\/01\/se-inscriben-ante-el-senado-43-aspirantes-para-contender-por-la-fgr-destaca-ernestina-godoy-y-ricardo-peralta\/","title":{"rendered":"Se inscriben ante el Senado 43 aspirantes para contender por la FGR; destaca Ernestina Godoy y Ricardo Peralta"},"content":{"rendered":"\n<p>Un total de 43 personas se registraron como aspirantes a ocupar la titularidad de la Fiscal\u00eda General de la Rep\u00fablica (FGR), vacante desde el pasado 27 de noviembre, tras la salida anticipada de Alejandro Gertz Manero.<\/p>\n\n\n\n<p>De las 43 personas que cumplieron los requisitos de la convocatoria p\u00fablica emitida por el Senado de la Rep\u00fablica, solo seis son mujeres, entre ellas Ernestina Godoy Ramos, exconsejera jur\u00eddica del Ejecutivo, quien actualmente es la encargada del despacho de la FGR.<\/p>\n\n\n\n<p>Entre otros nombres que aparecen en la lista destacan el exadministrador general de Aduanas, Ricardo Peralta Saucedo, y el exdiputado federal Hamlet Garc\u00eda Almaguer.<br>Play Video<\/p>\n\n\n\n<p>Lee tambi\u00e9n Sheinbaum asegura que fue acordada la salida del fiscal Gertz Manero de la FGR<\/p>\n\n\n\n<p>De esa lista, la Junta de Coordinaci\u00f3n Pol\u00edtica (Jucopo) del Senado deber\u00e1 seleccionar al menos a 10 candidaturas para enviarlas a la presidenta Claudia Sheinbaum, con la finalidad de que de esos nombres, elija una terna que deber\u00e1 presentar ante la c\u00e1mara alta para continuar el proceso de elecci\u00f3n de quien ser\u00e1 titular de la FGR.<\/p>\n\n\n\n<p>Otros aspirantes que obtuvieron su registro son C\u00e9sar Mario Guti\u00e9rrez Priego, hijo del general Jes\u00fas Guti\u00e9rrez Rebollo y excandidato a ministro de la Suprema Corte de Justicia de la Naci\u00f3n; Richard Urbina Vega, fiscal para la investigaci\u00f3n de Delitos cometidos por Servidores P\u00fablicos de la Ciudad de M\u00e9xico; Jorge Nader Kuri, director de la Facultad de Derecho de la Universidad La Salle; y F\u00e9lix Roel Herrera Antonio, exrepresentante de Morena ante el Instituto Electoral de Coahuila.<\/p>\n","protected":false},"excerpt":{"rendered":"<p>Un total de 43 personas se registraron como aspirantes a ocupar la titularidad de la Fiscal\u00eda General de la Rep\u00fablica (FGR), vacante desde el pasado 27 de noviembre, tras la salida anticipada de Alejandro Gertz Manero. De las 43 personas que cumplieron los requisitos de la convocatoria p\u00fablica emitida por el Senado de la Rep\u00fablica, [&hellip;]<\/p>\n","protected":false},"author":1,"featured_media":72351,"comment_status":"open","ping_status":"open","sticky":false,"template":"","format":"standard","meta":{"om_disable_all_campaigns":false,"_monsterinsights_skip_tracking":false,"_monsterinsights_sitenote_active":false,"_monsterinsights_sitenote_note":"","_monsterinsights_sitenote_category":0,"footnotes":""},"categories":[175,176,226],"tags":[],"class_list":["post-72350","post","type-post","status-publish","format-standard","has-post-thumbnail","hentry","category-local","category-nacional","category-policia"],"amp_enabled":true,"_links":{"self":[{"href":"https:\/\/lahora.mx\/index.php\/wp-json\/wp\/v2\/posts\/72350","targetHints":{"allow":["GET"]}}],"collection":[{"href":"https:\/\/lahora.mx\/index.php\/wp-json\/wp\/v2\/posts"}],"about":[{"href":"https:\/\/lahora.mx\/index.php\/wp-json\/wp\/v2\/types\/post"}],"author":[{"embeddable":true,"href":"https:\/\/lahora.mx\/index.php\/wp-json\/wp\/v2\/users\/1"}],"replies":[{"embeddable":true,"href":"https:\/\/lahora.mx\/index.php\/wp-json\/wp\/v2\/comments?post=72350"}],"version-history":[{"count":1,"href":"https:\/\/lahora.mx\/index.php\/wp-json\/wp\/v2\/posts\/72350\/revisions"}],"predecessor-version":[{"id":72352,"href":"https:\/\/lahora.mx\/index.php\/wp-json\/wp\/v2\/posts\/72350\/revisions\/72352"}],"wp:featuredmedia":[{"embeddable":true,"href":"https:\/\/lahora.mx\/index.php\/wp-json\/wp\/v2\/media\/72351"}],"wp:attachment":[{"href":"https:\/\/lahora.mx\/index.php\/wp-json\/wp\/v2\/media?parent=72350"}],"wp:term":[{"taxonomy":"category","embeddable":true,"href":"https:\/\/lahora.mx\/index.php\/wp-json\/wp\/v2\/categories?post=72350"},{"taxonomy":"post_tag","embeddable":true,"href":"https:\/\/lahora.mx\/index.php\/wp-json\/wp\/v2\/tags?post=72350"}],"curies":[{"name":"wp","href":"https:\/\/api.w.org\/{rel}","templated":true}]}}