{"id":72347,"date":"2025-12-01T23:27:40","date_gmt":"2025-12-01T23:27:40","guid":{"rendered":"https:\/\/lahora.mx\/?p=72347"},"modified":"2025-12-01T23:27:41","modified_gmt":"2025-12-01T23:27:41","slug":"familiares-de-la-china-bailarina-cubana-fallecida-en-incendio-del-bar-lacoss-llegan-a-cdmx","status":"publish","type":"post","link":"https:\/\/lahora.mx\/index.php\/2025\/12\/01\/familiares-de-la-china-bailarina-cubana-fallecida-en-incendio-del-bar-lacoss-llegan-a-cdmx\/","title":{"rendered":"Familiares de \u201cLa China\u201d, bailarina cubana fallecida en incendio del bar Lacoss, llegan a CDMX"},"content":{"rendered":"\n<p>La fiscal de Puebla, Idamis Pastor Betancourt, inform\u00f3 que este martes llegar\u00e1n a la Ciudad de M\u00e9xico los familiares de Elianis, \u201cLa China\u201d, la bailarina cubana que muri\u00f3 durante el incendio provocado en el bar Lacoss, y asegur\u00f3 que la Fiscal\u00eda est\u00e1 lista para entregar el cuerpo y brindar toda la atenci\u00f3n necesaria.<\/p>\n\n\n\n<p>En entrevista, Pastor Betancourt detall\u00f3 que los deudos arribar\u00e1n alrededor de las 10 de la ma\u00f1ana y que personal especializado de la Fiscal\u00eda acompa\u00f1ar\u00e1 cada tr\u00e1mite que requieran.<\/p>\n\n\n\n<p>\u201cAqu\u00ed estaremos pendientes para darles la atenci\u00f3n y lo que ellos decidan: si van a trasladar el cuerpo o si lo van a cremar. Nosotros estamos listos para cuando lleguen\u201d, expres\u00f3 la fiscal.<\/p>\n\n\n\n<p>Record\u00f3 que la identificaci\u00f3n del cuerpo se realiz\u00f3 mediante videollamada y que, con apoyo del Instituto Nacional de Migraci\u00f3n (INM), los familiares obtuvieron una visa humanitaria para ingresar al pa\u00eds.<\/p>\n\n\n\n<p>El incendio del bar Lacoss, ocurrido la madrugada del 18 de noviembre, dej\u00f3 ocho empleados fallecidos. La \u00faltima v\u00edctima, Aribel Guadalupe, muri\u00f3 el fin de semana a causa de las quemaduras que sufri\u00f3.<\/p>\n\n\n\n<p>Por estos hechos fue detenido y vinculado a proceso Gabriel N., alias \u201cEl Tato\u201d, se\u00f1alado como presunto autor intelectual del ataque. De acuerdo con la fiscal, enfrenta investigaciones por homicidio, extorsi\u00f3n y venta de sustancias il\u00edcitas, adem\u00e1s de indagatorias relacionadas con narcomenudeo y cobro de piso.<\/p>\n","protected":false},"excerpt":{"rendered":"<p>La fiscal de Puebla, Idamis Pastor Betancourt, inform\u00f3 que este martes llegar\u00e1n a la Ciudad de M\u00e9xico los familiares de Elianis, \u201cLa China\u201d, la bailarina cubana que muri\u00f3 durante el incendio provocado en el bar Lacoss, y asegur\u00f3 que la Fiscal\u00eda est\u00e1 lista para entregar el cuerpo y brindar toda la atenci\u00f3n necesaria. En entrevista, [&hellip;]<\/p>\n","protected":false},"author":1,"featured_media":72348,"comment_status":"open","ping_status":"open","sticky":false,"template":"","format":"standard","meta":{"om_disable_all_campaigns":false,"_monsterinsights_skip_tracking":false,"_monsterinsights_sitenote_active":false,"_monsterinsights_sitenote_note":"","_monsterinsights_sitenote_category":0,"footnotes":""},"categories":[175],"tags":[],"class_list":["post-72347","post","type-post","status-publish","format-standard","has-post-thumbnail","hentry","category-local"],"amp_enabled":true,"_links":{"self":[{"href":"https:\/\/lahora.mx\/index.php\/wp-json\/wp\/v2\/posts\/72347","targetHints":{"allow":["GET"]}}],"collection":[{"href":"https:\/\/lahora.mx\/index.php\/wp-json\/wp\/v2\/posts"}],"about":[{"href":"https:\/\/lahora.mx\/index.php\/wp-json\/wp\/v2\/types\/post"}],"author":[{"embeddable":true,"href":"https:\/\/lahora.mx\/index.php\/wp-json\/wp\/v2\/users\/1"}],"replies":[{"embeddable":true,"href":"https:\/\/lahora.mx\/index.php\/wp-json\/wp\/v2\/comments?post=72347"}],"version-history":[{"count":1,"href":"https:\/\/lahora.mx\/index.php\/wp-json\/wp\/v2\/posts\/72347\/revisions"}],"predecessor-version":[{"id":72349,"href":"https:\/\/lahora.mx\/index.php\/wp-json\/wp\/v2\/posts\/72347\/revisions\/72349"}],"wp:featuredmedia":[{"embeddable":true,"href":"https:\/\/lahora.mx\/index.php\/wp-json\/wp\/v2\/media\/72348"}],"wp:attachment":[{"href":"https:\/\/lahora.mx\/index.php\/wp-json\/wp\/v2\/media?parent=72347"}],"wp:term":[{"taxonomy":"category","embeddable":true,"href":"https:\/\/lahora.mx\/index.php\/wp-json\/wp\/v2\/categories?post=72347"},{"taxonomy":"post_tag","embeddable":true,"href":"https:\/\/lahora.mx\/index.php\/wp-json\/wp\/v2\/tags?post=72347"}],"curies":[{"name":"wp","href":"https:\/\/api.w.org\/{rel}","templated":true}]}}