{"id":72340,"date":"2025-12-01T22:26:11","date_gmt":"2025-12-01T22:26:11","guid":{"rendered":"https:\/\/lahora.mx\/?p=72340"},"modified":"2025-12-01T22:26:12","modified_gmt":"2025-12-01T22:26:12","slug":"no-estoy-buscando-la-la-grande-asegura-el-gobernador-de-puebla","status":"publish","type":"post","link":"https:\/\/lahora.mx\/index.php\/2025\/12\/01\/no-estoy-buscando-la-la-grande-asegura-el-gobernador-de-puebla\/","title":{"rendered":"No estoy buscando la \u00abla grande\u00bb asegura el gobernador de Puebla"},"content":{"rendered":"\n<p>No estoy \u00abhaciendo la vaquita para buscar la la grande\u00bb, no estoy buscando hacer una campa\u00f1a para la candidatura a la presidencia en 2030* asegur\u00f3 el gobernador de Puebla, Alejandro Armenta<\/p>\n\n\n\n<p>El Mandatario rechaz\u00f3 las versiones de que est\u00e1 buscando contender por \u201cla grande\u201d en 2030 Y afirm\u00f3 que est\u00e1 enfocado a su responsabilidad como mandatario estatal.<\/p>\n\n\n\n<p>\u00abLe promet\u00ed a mi padre que ser\u00eda un gobernador honesto, justo en la aplicaci\u00f3n de la ley y lo he sido\u00bb.<\/p>\n\n\n\n<p>\u00abTrabajo de tiempo completo en las tareas del estado, ya que gobernar Puebla fue siempre mi sue\u00f1o\u201d.<\/p>\n\n\n\n<p>El gobernador aclar\u00f3 que no tiene inter\u00e9s en otro cargo p\u00fablico y rechaz\u00f3 cualquier aspiraci\u00f3n presidencial, al grado que coment\u00f3 no utilizar\u00e1 su posici\u00f3n para allegarse de recursos con fines electorales, como ocurri\u00f3 en el pasado, en alusi\u00f3n al ex gobernador Rafael Moreno Valle.<\/p>\n\n\n\n<p>\u00abEs mi sue\u00f1o, los poblanos me dieron la oportunidad de servir, es el m\u00e1s alto honor, no tengo inter\u00e9s de ninguna otra cosa, porque  tambi\u00e9n vi una columna que porque digo &#8216;Pensar en Grande&#8217;, piensan que estoy pensando en &#8216;la grande&#8217;.<\/p>\n","protected":false},"excerpt":{"rendered":"<p>No estoy \u00abhaciendo la vaquita para buscar la la grande\u00bb, no estoy buscando hacer una campa\u00f1a para la candidatura a la presidencia en 2030* asegur\u00f3 el gobernador de Puebla, Alejandro Armenta El Mandatario rechaz\u00f3 las versiones de que est\u00e1 buscando contender por \u201cla grande\u201d en 2030 Y afirm\u00f3 que est\u00e1 enfocado a su responsabilidad como [&hellip;]<\/p>\n","protected":false},"author":1,"featured_media":72341,"comment_status":"open","ping_status":"open","sticky":false,"template":"","format":"standard","meta":{"om_disable_all_campaigns":false,"_monsterinsights_skip_tracking":false,"_monsterinsights_sitenote_active":false,"_monsterinsights_sitenote_note":"","_monsterinsights_sitenote_category":0,"footnotes":""},"categories":[5],"tags":[239,128,195,223],"class_list":["post-72340","post","type-post","status-publish","format-standard","has-post-thumbnail","hentry","category-politica","tag-gobierno","tag-politics","tag-principal","tag-puebla"],"amp_enabled":true,"_links":{"self":[{"href":"https:\/\/lahora.mx\/index.php\/wp-json\/wp\/v2\/posts\/72340","targetHints":{"allow":["GET"]}}],"collection":[{"href":"https:\/\/lahora.mx\/index.php\/wp-json\/wp\/v2\/posts"}],"about":[{"href":"https:\/\/lahora.mx\/index.php\/wp-json\/wp\/v2\/types\/post"}],"author":[{"embeddable":true,"href":"https:\/\/lahora.mx\/index.php\/wp-json\/wp\/v2\/users\/1"}],"replies":[{"embeddable":true,"href":"https:\/\/lahora.mx\/index.php\/wp-json\/wp\/v2\/comments?post=72340"}],"version-history":[{"count":1,"href":"https:\/\/lahora.mx\/index.php\/wp-json\/wp\/v2\/posts\/72340\/revisions"}],"predecessor-version":[{"id":72342,"href":"https:\/\/lahora.mx\/index.php\/wp-json\/wp\/v2\/posts\/72340\/revisions\/72342"}],"wp:featuredmedia":[{"embeddable":true,"href":"https:\/\/lahora.mx\/index.php\/wp-json\/wp\/v2\/media\/72341"}],"wp:attachment":[{"href":"https:\/\/lahora.mx\/index.php\/wp-json\/wp\/v2\/media?parent=72340"}],"wp:term":[{"taxonomy":"category","embeddable":true,"href":"https:\/\/lahora.mx\/index.php\/wp-json\/wp\/v2\/categories?post=72340"},{"taxonomy":"post_tag","embeddable":true,"href":"https:\/\/lahora.mx\/index.php\/wp-json\/wp\/v2\/tags?post=72340"}],"curies":[{"name":"wp","href":"https:\/\/api.w.org\/{rel}","templated":true}]}}