{"id":7234,"date":"2022-05-22T01:40:55","date_gmt":"2022-05-22T01:40:55","guid":{"rendered":"http:\/\/lahora.mx\/?p=7234"},"modified":"2022-05-22T01:40:57","modified_gmt":"2022-05-22T01:40:57","slug":"tras-ejecucion-de-cecilia-monzon-roban-celular-y-entran-a-cuentas","status":"publish","type":"post","link":"https:\/\/lahora.mx\/index.php\/2022\/05\/22\/tras-ejecucion-de-cecilia-monzon-roban-celular-y-entran-a-cuentas\/","title":{"rendered":"Tras ejecuci\u00f3n de Cecilia Monz\u00f3n  roban celular y entran a cuentas"},"content":{"rendered":"\n<p>Despu\u00e9s del asesinato de\u00a0<strong>la activista y abogada Cecilia Monz\u00f3n P\u00e9rez<\/strong>\u00a0que ocurri\u00f3 la ma\u00f1ana de este s\u00e1bado,\u00a0<strong>sus redes sociales como Facebook estuvieron activas durante unos cuantos minutos,<\/strong>\u00a0todo indica que\u00a0<strong>alguien ingres\u00f3 a sus cuentas a trav\u00e9s de su celular<\/strong>\u00a0y se presume que pudieron ser los mismos asesinos.<br><\/p>\n\n\n\n<p>Al menos el&nbsp;<strong>Facebook personal de Cecilia Monz\u00f3n ha estado activo los \u00faltimos minutos de este s\u00e1bado<\/strong>, pues alguien ingres\u00f3 a su Messenger en donde se confirma que, tras su ejecuci\u00f3n,&nbsp;<strong>su celular estuvo siendo utilizado.<\/strong><\/p>\n\n\n\n<p>Cabe mencionar que hoy alrededor de las 10 de la ma\u00f1ana la activista, abogada y madre de un peque\u00f1o,\u00a0<strong>fue asesinada de al menos seis balazos en el Camino Real a Momoxpan y Perif\u00e9rico,<\/strong>\u00a0pues ella estaba siendo perseguida por dos sujetos a bordo de una moto, los cuales, tras privarla de la vida se dieron a la fuga.<br>Hasta el momento\u00a0<strong>se desconoce la identidad de los asesinos de Cecilia Monz\u00f3n<\/strong>, mientras tanto, varios personajes p\u00fablicos, como funcionarios y diputados a trav\u00e9s de redes sociales condenaron este lamentable hecho y exigieron que sea esclarecido.<\/p>\n","protected":false},"excerpt":{"rendered":"<p>Despu\u00e9s del asesinato de\u00a0la activista y abogada Cecilia Monz\u00f3n P\u00e9rez\u00a0que ocurri\u00f3 la ma\u00f1ana de este s\u00e1bado,\u00a0sus redes sociales como Facebook estuvieron activas durante unos cuantos minutos,\u00a0todo indica que\u00a0alguien ingres\u00f3 a sus cuentas a trav\u00e9s de su celular\u00a0y se presume que pudieron ser los mismos asesinos. Al menos el&nbsp;Facebook personal de Cecilia Monz\u00f3n ha estado activo [&hellip;]<\/p>\n","protected":false},"author":4,"featured_media":7235,"comment_status":"open","ping_status":"open","sticky":false,"template":"","format":"standard","meta":{"om_disable_all_campaigns":false,"_monsterinsights_skip_tracking":false,"_monsterinsights_sitenote_active":false,"_monsterinsights_sitenote_note":"","_monsterinsights_sitenote_category":0,"footnotes":""},"categories":[175,226],"tags":[223],"class_list":["post-7234","post","type-post","status-publish","format-standard","has-post-thumbnail","hentry","category-local","category-policia","tag-puebla"],"amp_enabled":true,"_links":{"self":[{"href":"https:\/\/lahora.mx\/index.php\/wp-json\/wp\/v2\/posts\/7234","targetHints":{"allow":["GET"]}}],"collection":[{"href":"https:\/\/lahora.mx\/index.php\/wp-json\/wp\/v2\/posts"}],"about":[{"href":"https:\/\/lahora.mx\/index.php\/wp-json\/wp\/v2\/types\/post"}],"author":[{"embeddable":true,"href":"https:\/\/lahora.mx\/index.php\/wp-json\/wp\/v2\/users\/4"}],"replies":[{"embeddable":true,"href":"https:\/\/lahora.mx\/index.php\/wp-json\/wp\/v2\/comments?post=7234"}],"version-history":[{"count":1,"href":"https:\/\/lahora.mx\/index.php\/wp-json\/wp\/v2\/posts\/7234\/revisions"}],"predecessor-version":[{"id":7236,"href":"https:\/\/lahora.mx\/index.php\/wp-json\/wp\/v2\/posts\/7234\/revisions\/7236"}],"wp:featuredmedia":[{"embeddable":true,"href":"https:\/\/lahora.mx\/index.php\/wp-json\/wp\/v2\/media\/7235"}],"wp:attachment":[{"href":"https:\/\/lahora.mx\/index.php\/wp-json\/wp\/v2\/media?parent=7234"}],"wp:term":[{"taxonomy":"category","embeddable":true,"href":"https:\/\/lahora.mx\/index.php\/wp-json\/wp\/v2\/categories?post=7234"},{"taxonomy":"post_tag","embeddable":true,"href":"https:\/\/lahora.mx\/index.php\/wp-json\/wp\/v2\/tags?post=7234"}],"curies":[{"name":"wp","href":"https:\/\/api.w.org\/{rel}","templated":true}]}}