{"id":72337,"date":"2025-12-01T20:52:18","date_gmt":"2025-12-01T20:52:18","guid":{"rendered":"https:\/\/lahora.mx\/?p=72337"},"modified":"2025-12-01T20:52:18","modified_gmt":"2025-12-01T20:52:18","slug":"puebla-cierra-el-ano-como-referente-nacional-en-deporte-cultura-y-arte","status":"publish","type":"post","link":"https:\/\/lahora.mx\/index.php\/2025\/12\/01\/puebla-cierra-el-ano-como-referente-nacional-en-deporte-cultura-y-arte\/","title":{"rendered":"Puebla cierra el a\u00f1o como referente nacional en deporte, cultura y arte"},"content":{"rendered":"\n<p>&#8211; La pol\u00edtica de Estado en materia deportiva implementada es reconocida a nivel nacional.<\/p>\n\n\n\n<p>&#8211; Los programas implementados por la administraci\u00f3n estatal impacta en la formaci\u00f3n de ni\u00f1as, ni\u00f1os y j\u00f3venes, as\u00ed como por su contribuci\u00f3n al fortalecimiento del tejido social y la prevenci\u00f3n del delito.<\/p>\n\n\n\n<p>&#8211; Del 15 al 17 de diciembre, la entidad ser\u00e1 sede de la reuni\u00f3n del Sistema Nacional de Cultura F\u00edsica y Deporte (SINADE).<\/p>\n\n\n\n<p>CIUDAD DE PUEBLA, Pue.- Para el gobierno estatal, el deporte, la cultura y el arte son pol\u00edticas de estado que contribuyen a revertir los \u00edndices de inseguridad, bajo las directrices planteadas por la presidenta de M\u00e9xico, Claudia Sheinbaum, as\u00ed lo afirm\u00f3 el gobernador Alejandro Armenta, al recibir reconocimientos por el impulso al deporte y por haber colocado a Puebla en el segundo lugar nacional del medallero de los Juegos Deportivos Nacionales Escolares de la Educaci\u00f3n B\u00e1sica.<\/p>\n\n\n\n<p>El mandatario estatal afirm\u00f3 que es un cierre fuerte del a\u00f1o, como epicentro de deporte, cultura y arte en el pa\u00eds. <\/p>\n\n\n\n<p>Subray\u00f3 el apoyo total durante el presente a\u00f1o por parte del director de la Comisi\u00f3n Nacional de Cultura F\u00edsica y Deporte (Conade), Rommel Pacheco, y reconoci\u00f3 que el pr\u00f3ximo a\u00f1o habr\u00e1 m\u00e1s actividades y sorpresas. <\/p>\n\n\n\n<p>Puntualiz\u00f3 que los reconocimientos otorgados son el resultado del trabajo en equipo y de continuar con el trabajo al fomento deportivo y cultural.<\/p>\n\n\n\n<p>Lo anterior, respecto al premio de la gala \u201cVictory Prize M\u00e9xico 2025\u201d, en la categor\u00eda \u201cMomento al Impulso Deportivo\u00bb, que recibi\u00f3 a nombre del gobierno estatal, la Secretar\u00eda de Deporte y Juventud, por haber alcanzado el segundo lugar nacional en el medallero de los Juegos Deportivos Nacionales Escolares de la Educaci\u00f3n B\u00e1sica y el reconocimiento de la Federaci\u00f3n Internacional de Voleibol por la organizaci\u00f3n del Campeonato Mundial de Voleibol de Playa.<\/p>\n\n\n\n<p>En su oportunidad, la secretaria de Deporte y Juventud, Gaby \u00abLa Bonita\u00bb, S\u00e1nchez, reconoci\u00f3 que en Puebla el deporte es pol\u00edtica de estado y se\u00f1al\u00f3 que dichos reconocimientos son una distinci\u00f3n que reafirma el compromiso del gobernador Alejandro Armenta con la promoci\u00f3n del deporte como un motor de transformaci\u00f3n social, de uni\u00f3n familiar y de construcci\u00f3n de una sociedad m\u00e1s fuerte. <\/p>\n\n\n\n<p>Resalt\u00f3 que dichos logros son resultado del talento, disciplina y compromiso de la comunidad deportiva, as\u00ed como del respaldo del mandatario estatal con pol\u00edticas que fortalecen a las y los atletas desde su formaci\u00f3n m\u00e1s temprana.<\/p>\n\n\n\n<p>La secretaria puntualiz\u00f3 que el 2025 ha sido un a\u00f1o de intensa actividad, de grandes retos y de logros hist\u00f3ricos, en este contexto afirm\u00f3 que cerrar\u00e1n con fuerza al organizar del 15 al 17 de diciembre la reuni\u00f3n del Sistema Nacional de Cultura F\u00edsica y Deporte (SINADE). <\/p>\n\n\n\n<p>Su prop\u00f3sito es dirigir, controlar y cumplir las pol\u00edticas fundamentales del sector, generar acciones y financiamientos para fomentar el desarrollo del deporte y asegurar el \u00f3ptimo uso de los recursos. <\/p>\n\n\n\n<p>Al presentar el Encuentro de J\u00f3venes Creadores, la secretaria de Arte y Cultura, Alejandra Pacheco Mex resalt\u00f3 que durante este primer a\u00f1o de gesti\u00f3n, territorio poblano ha sido sede de importantes eventos, foros y encuentros para todas las edades que contribuyen a la reconstrucci\u00f3n del tejido social en beneficio de todos los sectores de la poblaci\u00f3n.<\/p>\n\n\n\n<p>El Gobierno del Estado de Puebla a trav\u00e9s de la Secretar\u00eda de Deporte y Juventud, ya est\u00e1 listo para lo que se avecina en el 2026, un a\u00f1o a\u00fan m\u00e1s fuerte, m\u00e1s din\u00e1mico y lleno de oportunidades para las ni\u00f1as, ni\u00f1os, j\u00f3venes en todos los sectores que hacen posible que el deporte en Puebla contin\u00fae al alza.<\/p>\n","protected":false},"excerpt":{"rendered":"<p>&#8211; La pol\u00edtica de Estado en materia deportiva implementada es reconocida a nivel nacional. &#8211; Los programas implementados por la administraci\u00f3n estatal impacta en la formaci\u00f3n de ni\u00f1as, ni\u00f1os y j\u00f3venes, as\u00ed como por su contribuci\u00f3n al fortalecimiento del tejido social y la prevenci\u00f3n del delito. &#8211; Del 15 al 17 de diciembre, la entidad [&hellip;]<\/p>\n","protected":false},"author":1,"featured_media":72338,"comment_status":"open","ping_status":"open","sticky":false,"template":"","format":"standard","meta":{"om_disable_all_campaigns":false,"_monsterinsights_skip_tracking":false,"_monsterinsights_sitenote_active":false,"_monsterinsights_sitenote_note":"","_monsterinsights_sitenote_category":0,"footnotes":""},"categories":[175],"tags":[239,195,223],"class_list":["post-72337","post","type-post","status-publish","format-standard","has-post-thumbnail","hentry","category-local","tag-gobierno","tag-principal","tag-puebla"],"amp_enabled":true,"_links":{"self":[{"href":"https:\/\/lahora.mx\/index.php\/wp-json\/wp\/v2\/posts\/72337","targetHints":{"allow":["GET"]}}],"collection":[{"href":"https:\/\/lahora.mx\/index.php\/wp-json\/wp\/v2\/posts"}],"about":[{"href":"https:\/\/lahora.mx\/index.php\/wp-json\/wp\/v2\/types\/post"}],"author":[{"embeddable":true,"href":"https:\/\/lahora.mx\/index.php\/wp-json\/wp\/v2\/users\/1"}],"replies":[{"embeddable":true,"href":"https:\/\/lahora.mx\/index.php\/wp-json\/wp\/v2\/comments?post=72337"}],"version-history":[{"count":1,"href":"https:\/\/lahora.mx\/index.php\/wp-json\/wp\/v2\/posts\/72337\/revisions"}],"predecessor-version":[{"id":72339,"href":"https:\/\/lahora.mx\/index.php\/wp-json\/wp\/v2\/posts\/72337\/revisions\/72339"}],"wp:featuredmedia":[{"embeddable":true,"href":"https:\/\/lahora.mx\/index.php\/wp-json\/wp\/v2\/media\/72338"}],"wp:attachment":[{"href":"https:\/\/lahora.mx\/index.php\/wp-json\/wp\/v2\/media?parent=72337"}],"wp:term":[{"taxonomy":"category","embeddable":true,"href":"https:\/\/lahora.mx\/index.php\/wp-json\/wp\/v2\/categories?post=72337"},{"taxonomy":"post_tag","embeddable":true,"href":"https:\/\/lahora.mx\/index.php\/wp-json\/wp\/v2\/tags?post=72337"}],"curies":[{"name":"wp","href":"https:\/\/api.w.org\/{rel}","templated":true}]}}