{"id":72319,"date":"2025-11-30T14:46:54","date_gmt":"2025-11-30T14:46:54","guid":{"rendered":"https:\/\/lahora.mx\/?p=72319"},"modified":"2025-12-01T14:48:06","modified_gmt":"2025-12-01T14:48:06","slug":"se-instala-en-puebla-capital-el-primer-comite-de-gestion-por-competencias-en-residuos-del-pais","status":"publish","type":"post","link":"https:\/\/lahora.mx\/index.php\/2025\/11\/30\/se-instala-en-puebla-capital-el-primer-comite-de-gestion-por-competencias-en-residuos-del-pais\/","title":{"rendered":"Se instala en Puebla Capital el primer Comit\u00e9 de Gesti\u00f3n por Competencias en Residuos del pa\u00eds"},"content":{"rendered":"\n<p>El Organismo Operador del Servicio de Limpia del Municipio de Puebla (OOSLMP) llev\u00f3 a cabo la instalaci\u00f3n del primer Comit\u00e9 de Gesti\u00f3n por Competencias en Gesti\u00f3n, Regulaci\u00f3n, Manejo y Educaci\u00f3n Sostenible en Residuos del pa\u00eds, convirti\u00e9ndose en la primera entidad a nivel nacional en adoptar de manera formal la soluci\u00f3n de certificaci\u00f3n por competencias del Consejo Nacional de Normalizaci\u00f3n y Certificaci\u00f3n de Competencias Laborales (CONOCER) para profesionalizar la gesti\u00f3n integral de los residuos.<\/p>\n\n\n\n<p>Durante el acto protocolario, se destac\u00f3 que este paso hist\u00f3rico coloca a Puebla a la vanguardia, al establecer un modelo pionero que podr\u00e1 ser replicado por otros municipios e instituciones interesadas en fortalecer sus capacidades t\u00e9cnicas y operativas bajo est\u00e1ndares reconocidos a nivel nacional.<\/p>\n\n\n\n<p>Durante su intervenci\u00f3n, el titular del Organismo Ormar Rodr\u00edguez resalt\u00f3: \u201cHoy damos un paso decisivo hacia la profesionalizaci\u00f3n y la excelencia. La instalaci\u00f3n de este Comit\u00e9, respaldado por CONOCER, nos convierte en el primer organismo del pa\u00eds en certificar formalmente las competencias vinculadas al manejo de residuos. Puebla demuestra que la gesti\u00f3n de residuos debe realizarse con ciencia, t\u00e9cnica, formaci\u00f3n y responsabilidad ambiental\u201d.<\/p>\n\n\n\n<p>La creaci\u00f3n de este Comit\u00e9 responde a la necesidad de garantizar procesos s\u00f3lidos, profesionales y alineados a las exigencias actuales del manejo de residuos urbanos. A trav\u00e9s del modelo de CONOCER, se busca asegurar que cada \u00e1rea del Organismo sea operada por personal capacitado, evaluado y certificado.<\/p>\n\n\n\n<p>El Comit\u00e9 permitir\u00e1:<\/p>\n\n\n\n<ul class=\"wp-block-list\">\n<li>Definir est\u00e1ndares de competencia acordes con las necesidades reales del municipio.<\/li>\n\n\n\n<li>Impulsar la capacitaci\u00f3n y evaluaci\u00f3n continua del personal operativo, t\u00e9cnico y administrativo.<\/li>\n\n\n\n<li>Fortalecer procesos m\u00e1s eficientes, seguros y sostenibles.<\/li>\n\n\n\n<li>Alinear la operaci\u00f3n del Organismo con las mejores pr\u00e1cticas nacionales e internacionales.<\/li>\n\n\n\n<li>Brindar certeza a la ciudadan\u00eda, garantizando que la gesti\u00f3n de los residuos est\u00e1 en manos de personal altamente capacitado.<\/li>\n<\/ul>\n\n\n\n<p>Un modelo CONOCER al servicio de la sostenibilidad<\/p>\n\n\n\n<p>La instalaci\u00f3n del Comit\u00e9 tambi\u00e9n impulsa la profesionalizaci\u00f3n en toda la cadena de gesti\u00f3n de residuos, reconociendo formalmente habilidades y conocimientos que hist\u00f3ricamente no hab\u00edan sido certificados:<\/p>\n\n\n\n<ul class=\"wp-block-list\">\n<li>Profesionalizar y certificar a los actores clave del sistema de residuos.<\/li>\n\n\n\n<li>Generar est\u00e1ndares s\u00f3lidos en separaci\u00f3n, recolecci\u00f3n, valorizaci\u00f3n y disposici\u00f3n final.<\/li>\n\n\n\n<li>Reconocer el trabajo de recolectores voluntarios y empresas con buenas pr\u00e1cticas.<\/li>\n\n\n\n<li>Fomentar la empleabilidad verde y la innovaci\u00f3n en reciclaje, reducci\u00f3n y gesti\u00f3n sostenible.<\/li>\n<\/ul>\n\n\n\n<p>Con este paso, el Gobierno de la Ciudad no solo fortalece sus procesos internos, sino que se consolida como un referente nacional en certificaci\u00f3n, profesionalizaci\u00f3n y liderazgo ambiental.<\/p>\n","protected":false},"excerpt":{"rendered":"<p>El Organismo Operador del Servicio de Limpia del Municipio de Puebla (OOSLMP) llev\u00f3 a cabo la instalaci\u00f3n del primer Comit\u00e9 de Gesti\u00f3n por Competencias en Gesti\u00f3n, Regulaci\u00f3n, Manejo y Educaci\u00f3n Sostenible en Residuos del pa\u00eds, convirti\u00e9ndose en la primera entidad a nivel nacional en adoptar de manera formal la soluci\u00f3n de certificaci\u00f3n por competencias del [&hellip;]<\/p>\n","protected":false},"author":1,"featured_media":72320,"comment_status":"open","ping_status":"open","sticky":false,"template":"","format":"standard","meta":{"om_disable_all_campaigns":false,"_monsterinsights_skip_tracking":false,"_monsterinsights_sitenote_active":false,"_monsterinsights_sitenote_note":"","_monsterinsights_sitenote_category":0,"footnotes":""},"categories":[175],"tags":[223],"class_list":["post-72319","post","type-post","status-publish","format-standard","has-post-thumbnail","hentry","category-local","tag-puebla"],"amp_enabled":true,"_links":{"self":[{"href":"https:\/\/lahora.mx\/index.php\/wp-json\/wp\/v2\/posts\/72319","targetHints":{"allow":["GET"]}}],"collection":[{"href":"https:\/\/lahora.mx\/index.php\/wp-json\/wp\/v2\/posts"}],"about":[{"href":"https:\/\/lahora.mx\/index.php\/wp-json\/wp\/v2\/types\/post"}],"author":[{"embeddable":true,"href":"https:\/\/lahora.mx\/index.php\/wp-json\/wp\/v2\/users\/1"}],"replies":[{"embeddable":true,"href":"https:\/\/lahora.mx\/index.php\/wp-json\/wp\/v2\/comments?post=72319"}],"version-history":[{"count":1,"href":"https:\/\/lahora.mx\/index.php\/wp-json\/wp\/v2\/posts\/72319\/revisions"}],"predecessor-version":[{"id":72321,"href":"https:\/\/lahora.mx\/index.php\/wp-json\/wp\/v2\/posts\/72319\/revisions\/72321"}],"wp:featuredmedia":[{"embeddable":true,"href":"https:\/\/lahora.mx\/index.php\/wp-json\/wp\/v2\/media\/72320"}],"wp:attachment":[{"href":"https:\/\/lahora.mx\/index.php\/wp-json\/wp\/v2\/media?parent=72319"}],"wp:term":[{"taxonomy":"category","embeddable":true,"href":"https:\/\/lahora.mx\/index.php\/wp-json\/wp\/v2\/categories?post=72319"},{"taxonomy":"post_tag","embeddable":true,"href":"https:\/\/lahora.mx\/index.php\/wp-json\/wp\/v2\/tags?post=72319"}],"curies":[{"name":"wp","href":"https:\/\/api.w.org\/{rel}","templated":true}]}}