{"id":7231,"date":"2022-05-20T23:43:31","date_gmt":"2022-05-20T23:43:31","guid":{"rendered":"http:\/\/lahora.mx\/?p=7231"},"modified":"2022-05-20T23:43:31","modified_gmt":"2022-05-20T23:43:31","slug":"seran-repobladas-las-casonas-del-centro","status":"publish","type":"post","link":"https:\/\/lahora.mx\/index.php\/2022\/05\/20\/seran-repobladas-las-casonas-del-centro\/","title":{"rendered":"Ser\u00e1n repobladas las Casonas del Centro"},"content":{"rendered":"\n<p>El&nbsp;<strong>Ayuntamiento&nbsp;<\/strong>de Puebla aval\u00f3 que se repueblen&nbsp;<strong>mil 200 casonas&nbsp;<\/strong>del Centro Hist\u00f3rico de Puebla que no tienen un valor&nbsp;<strong>hist\u00f3rico&nbsp;<\/strong>para viviendas de clase media alta o baja, as\u00ed como ocupar espacios de bodegas para construir en algunas colonias.<\/p>\n\n\n\n<p>Lo anterior lo dio a conocer el regidor y presidente de la comisi\u00f3n de\u00a0<strong>Desarrollo Econ\u00f3mico,\u00a0<\/strong>Manolo Herrera, quien puntualiz\u00f3 que la idea es que la ciudadan\u00eda pueda\u00a0<strong>adquirir\u00a0<\/strong>una vivienda a un bajo costo.<br><\/p>\n\n\n\n<p>En entrevista con<strong>&nbsp;El Sol de Puebla<\/strong>&nbsp;explic\u00f3 que son casonas que se hab\u00edan dejado olvidadas o est\u00e1n en problemas legales, por lo que los due\u00f1os podr\u00e1n vender a los desarrolladores inmobiliarios o crear un convenio a fin de que los espacios puedan volver a ser&nbsp;<strong>construidos&nbsp;<\/strong>y ocupados.<\/p>\n\n\n\n<p>Dijo que es parte de reforzar la repoblaci\u00f3n, ya que en el a\u00f1o 2000 hab\u00eda 72 mil habitantes en el coraz\u00f3n de la ciudad y actualmente son&nbsp;<strong>42 mil colonos,<\/strong>&nbsp;lo que significa una reducci\u00f3n importante.<\/p>\n\n\n\n<p>Se\u00f1al\u00f3 que los poblanos se fueron a otros municipios como&nbsp;<strong>Cuautlancingo, Amozoc, Coronango,<\/strong>&nbsp;entre otros, esto pese a que en Puebla se pueden&nbsp;<strong>quedar a vivir.<\/strong><\/p>\n\n\n\n<p>Explic\u00f3 que las casas tienen due\u00f1os, pero se espera que tambi\u00e9n ellos puedan vender y&nbsp;<strong>reactivarlas,&nbsp;<\/strong>luego de que en 1970 se&nbsp;<strong>congelaron&nbsp;<\/strong>las rentas y por ello dejaron de lado sus hogares, por lo que hoy tienen muchos&nbsp;<strong>desperfectos.<\/strong><\/p>\n\n\n\n<p>Mencion\u00f3 que&nbsp;<strong>no habr\u00e1 inconvenientes,<\/strong>&nbsp;ya que su estructura no es de valor hist\u00f3rico, mientras que las de ese tipo no se tocar\u00e1n, incluso, porque no es rentable para un&nbsp;<strong>desarrollador inmobiliario.<\/strong><\/p>\n\n\n\n<p>Subray\u00f3 que quienes podr\u00e1n adquirir una vivienda podr\u00e1n pedir un cr\u00e9dito al<strong>&nbsp;Infonavit,<\/strong>&nbsp;pues las casas tendr\u00e1n un valor de 600 mil pesos a un&nbsp;<strong>mill\u00f3n&nbsp;<\/strong>de pesos.<\/p>\n\n\n\n<p>Detall\u00f3 que se ampli\u00f3 un pol\u00edgono, el primer es el del Centro Hist\u00f3rico, anillo circundante y anillo dos que es en la periferia de la ciudad, con lo que se espera<strong>&nbsp;construir 3 mil 957 viviendas y otorgar 15 mil empleos directos.<\/strong>&nbsp;Adem\u00e1s de dejar un aproximado de 4 mil millones de pesos al sector de la construcci\u00f3n.<\/p>\n\n\n\n<p>Lo anterior fue aprobado con<strong>\u00a019 votos a favor\u00a0<\/strong>y 6 abstenciones durante la sesi\u00f3n ordinaria de cabildo, por lo que tambi\u00e9n se dar\u00e1n est\u00edmulos fiscales a quienes quieran construir en estas<strong>\u00a0zonas.<\/strong><br><\/p>\n\n\n\n<p>El punto de acuerdo fue otorgar del<strong>\u00a070 al 100 por ciento\u00a0<\/strong>en cuanto a la condonaci\u00f3n de derechos para la construcci\u00f3n de viviendas, as\u00ed como 100 por ciento en adquisici\u00f3n del predio.<\/p>\n\n\n\n<p>En otro tenor por unanimidad se aprob\u00f3 que de manera semanal se transparente el&nbsp;<strong>ingreso&nbsp;<\/strong>que se perciban por el uso de los parqu\u00edmetros en e<strong>l Centro Hist\u00f3rico de Puebla,&nbsp;<\/strong>esto a trav\u00e9s de la p\u00e1gina oficial del&nbsp;<strong>Ayuntamiento de Puebla.<\/strong><\/p>\n\n\n\n<p>De acuerdo con el dictamen, esto se empezar\u00e1 a llevar a cabo una vez que el programa funcione, por lo que se instruir\u00e1 a la<strong>&nbsp;Tesorer\u00eda y Transparencia<\/strong>&nbsp;para que den a conocer la informaci\u00f3n de recaudaci\u00f3n bajo el concepto de&nbsp;<strong>estacion\u00f3metros.<\/strong><\/p>\n\n\n\n<p>Cabe mencionar que se espera que&nbsp;<strong>Parkim\u00f3vil&nbsp;<\/strong>obtenga al mes 6 millones 465 mil pesos por el programa de Estacionamiento Seguro, del cual la empresa se llevar\u00e1 el<strong>&nbsp;14.34 por ciento,&nbsp;<\/strong>y se ver\u00e1 reflejado en una ganancia de 31 millones de pesos.<\/p>\n\n\n\n<p>Seg\u00fan las bases de la licitaci\u00f3n, el servicio abarca los meses restantes de<strong>&nbsp;este 2022,&nbsp;<\/strong>m\u00e1s el ejercicio fiscal 2023 y de enero a septiembre de 2024, es decir; 14 d\u00edas antes de finalizar la administraci\u00f3n municipal de&nbsp;<strong>Eduardo Rivera P\u00e9rez.<\/strong><\/p>\n","protected":false},"excerpt":{"rendered":"<p>El&nbsp;Ayuntamiento&nbsp;de Puebla aval\u00f3 que se repueblen&nbsp;mil 200 casonas&nbsp;del Centro Hist\u00f3rico de Puebla que no tienen un valor&nbsp;hist\u00f3rico&nbsp;para viviendas de clase media alta o baja, as\u00ed como ocupar espacios de bodegas para construir en algunas colonias. Lo anterior lo dio a conocer el regidor y presidente de la comisi\u00f3n de\u00a0Desarrollo Econ\u00f3mico,\u00a0Manolo Herrera, quien puntualiz\u00f3 que la [&hellip;]<\/p>\n","protected":false},"author":4,"featured_media":7232,"comment_status":"open","ping_status":"open","sticky":false,"template":"","format":"standard","meta":{"om_disable_all_campaigns":false,"_monsterinsights_skip_tracking":false,"_monsterinsights_sitenote_active":false,"_monsterinsights_sitenote_note":"","_monsterinsights_sitenote_category":0,"footnotes":""},"categories":[175],"tags":[195,223],"class_list":["post-7231","post","type-post","status-publish","format-standard","has-post-thumbnail","hentry","category-local","tag-principal","tag-puebla"],"amp_enabled":true,"_links":{"self":[{"href":"https:\/\/lahora.mx\/index.php\/wp-json\/wp\/v2\/posts\/7231","targetHints":{"allow":["GET"]}}],"collection":[{"href":"https:\/\/lahora.mx\/index.php\/wp-json\/wp\/v2\/posts"}],"about":[{"href":"https:\/\/lahora.mx\/index.php\/wp-json\/wp\/v2\/types\/post"}],"author":[{"embeddable":true,"href":"https:\/\/lahora.mx\/index.php\/wp-json\/wp\/v2\/users\/4"}],"replies":[{"embeddable":true,"href":"https:\/\/lahora.mx\/index.php\/wp-json\/wp\/v2\/comments?post=7231"}],"version-history":[{"count":1,"href":"https:\/\/lahora.mx\/index.php\/wp-json\/wp\/v2\/posts\/7231\/revisions"}],"predecessor-version":[{"id":7233,"href":"https:\/\/lahora.mx\/index.php\/wp-json\/wp\/v2\/posts\/7231\/revisions\/7233"}],"wp:featuredmedia":[{"embeddable":true,"href":"https:\/\/lahora.mx\/index.php\/wp-json\/wp\/v2\/media\/7232"}],"wp:attachment":[{"href":"https:\/\/lahora.mx\/index.php\/wp-json\/wp\/v2\/media?parent=7231"}],"wp:term":[{"taxonomy":"category","embeddable":true,"href":"https:\/\/lahora.mx\/index.php\/wp-json\/wp\/v2\/categories?post=7231"},{"taxonomy":"post_tag","embeddable":true,"href":"https:\/\/lahora.mx\/index.php\/wp-json\/wp\/v2\/tags?post=7231"}],"curies":[{"name":"wp","href":"https:\/\/api.w.org\/{rel}","templated":true}]}}