{"id":72298,"date":"2025-11-18T04:29:06","date_gmt":"2025-11-18T04:29:06","guid":{"rendered":"https:\/\/lahora.mx\/?p=72298"},"modified":"2025-12-01T04:31:29","modified_gmt":"2025-12-01T04:31:29","slug":"desde-el-met-de-nueva-york-llega-a-puebla-capital-la-opera-primero-sueno","status":"publish","type":"post","link":"https:\/\/lahora.mx\/index.php\/2025\/11\/18\/desde-el-met-de-nueva-york-llega-a-puebla-capital-la-opera-primero-sueno\/","title":{"rendered":"Desde el MET de Nueva York llega a Puebla capital la \u00f3pera \u201cPrimero Sue\u00f1o\u201d"},"content":{"rendered":"\n<p>&#8211;<em>Se presentar\u00e1 de forma gratuita en el Z\u00f3calo de la capital<\/em><\/p>\n\n\n\n<p>Puebla, Pue., 18 de noviembre de 2025.- Con el prop\u00f3sito de continuar acercando el arte y la cultura a todas y todos los poblanos, el presidente municipal, Pepe Chedraui Budib, present\u00f3 la \u00f3pera procesional \u201cPrimero Sue\u00f1o\u201d, una adaptaci\u00f3n musical creada por Magos Herrera y Paola Prestini, inspirada en el c\u00e9lebre poema de Sor Juana In\u00e9s de la Cruz.<\/p>\n\n\n\n<p>Tras su estreno mundial en el Metropolitan Opera House (MET) de Nueva York en enero de 2025, esta producci\u00f3n internacional de gran formato llegar\u00e1 por primera vez a M\u00e9xico y tendr\u00e1 como escenario el coraz\u00f3n de la capital poblana, posicionando a Puebla como un epicentro cultural con espect\u00e1culos de talla global que integran m\u00fasica, luces y danza.<\/p>\n\n\n\n<p>El presidente municipal destac\u00f3 que esta puesta en escena se caracteriza por su naturaleza procesional, ya que iniciar\u00e1 en el atrio de la Catedral de Puebla de manera totalmente gratuita. La obra integra elementos m\u00fasico-esc\u00e9nicos contempor\u00e1neos, voces femeninas poblanas en el coro principal y voces masculinas conforme a la dramaturgia original.<\/p>\n\n\n\n<p>Por su parte, la titular del Instituto Municipal de Arte y Cultura (IMACP), Anel Nochebuena, explic\u00f3 que la puesta en marcha es una procesi\u00f3n iniciar\u00e1 en el atrio de la Catedral y continuar\u00e1 alrededor del Z\u00f3calo, realizando diversas estaciones art\u00edsticas donde el p\u00fablico podr\u00e1 presenciar fragmentos de la obra.<\/p>\n\n\n\n<p>La entrada es libre; \u00fanicamente se requiere obtener acceso mediante el enlace disponible en las redes oficiales del Gobierno de la Ciudad.<\/p>\n\n\n\n<p>La presentaci\u00f3n especial contar\u00e1 con la participaci\u00f3n de talentos locales, incluyendo artistas de la BUAP, el Conservatorio de M\u00fasica de Puebla y la Fundaci\u00f3n Esperanza Azteca, quienes se han integrado a este montaje como parte de la colaboraci\u00f3n cultural con la ciudad.<\/p>\n\n\n\n<p>La funci\u00f3n se llevar\u00e1 a cabo el viernes 5 de diciembre a las 19:00 horas, consolidando a Puebla como una ciudad que impulsa y celebra las artes esc\u00e9nicas a nivel internacional.<\/p>\n","protected":false},"excerpt":{"rendered":"<p>&#8211;Se presentar\u00e1 de forma gratuita en el Z\u00f3calo de la capital Puebla, Pue., 18 de noviembre de 2025.- Con el prop\u00f3sito de continuar acercando el arte y la cultura a todas y todos los poblanos, el presidente municipal, Pepe Chedraui Budib, present\u00f3 la \u00f3pera procesional \u201cPrimero Sue\u00f1o\u201d, una adaptaci\u00f3n musical creada por Magos Herrera y [&hellip;]<\/p>\n","protected":false},"author":1,"featured_media":72299,"comment_status":"open","ping_status":"open","sticky":false,"template":"","format":"standard","meta":{"om_disable_all_campaigns":false,"_monsterinsights_skip_tracking":false,"_monsterinsights_sitenote_active":false,"_monsterinsights_sitenote_note":"","_monsterinsights_sitenote_category":0,"footnotes":""},"categories":[1],"tags":[],"class_list":["post-72298","post","type-post","status-publish","format-standard","has-post-thumbnail","hentry","category-sin-categoria"],"amp_enabled":true,"_links":{"self":[{"href":"https:\/\/lahora.mx\/index.php\/wp-json\/wp\/v2\/posts\/72298","targetHints":{"allow":["GET"]}}],"collection":[{"href":"https:\/\/lahora.mx\/index.php\/wp-json\/wp\/v2\/posts"}],"about":[{"href":"https:\/\/lahora.mx\/index.php\/wp-json\/wp\/v2\/types\/post"}],"author":[{"embeddable":true,"href":"https:\/\/lahora.mx\/index.php\/wp-json\/wp\/v2\/users\/1"}],"replies":[{"embeddable":true,"href":"https:\/\/lahora.mx\/index.php\/wp-json\/wp\/v2\/comments?post=72298"}],"version-history":[{"count":1,"href":"https:\/\/lahora.mx\/index.php\/wp-json\/wp\/v2\/posts\/72298\/revisions"}],"predecessor-version":[{"id":72300,"href":"https:\/\/lahora.mx\/index.php\/wp-json\/wp\/v2\/posts\/72298\/revisions\/72300"}],"wp:featuredmedia":[{"embeddable":true,"href":"https:\/\/lahora.mx\/index.php\/wp-json\/wp\/v2\/media\/72299"}],"wp:attachment":[{"href":"https:\/\/lahora.mx\/index.php\/wp-json\/wp\/v2\/media?parent=72298"}],"wp:term":[{"taxonomy":"category","embeddable":true,"href":"https:\/\/lahora.mx\/index.php\/wp-json\/wp\/v2\/categories?post=72298"},{"taxonomy":"post_tag","embeddable":true,"href":"https:\/\/lahora.mx\/index.php\/wp-json\/wp\/v2\/tags?post=72298"}],"curies":[{"name":"wp","href":"https:\/\/api.w.org\/{rel}","templated":true}]}}