{"id":7228,"date":"2022-05-20T23:40:33","date_gmt":"2022-05-20T23:40:33","guid":{"rendered":"http:\/\/lahora.mx\/?p=7228"},"modified":"2022-05-20T23:40:33","modified_gmt":"2022-05-20T23:40:33","slug":"durante-incendio-forestal-en-xochitlan-director-de-conafor-sufre-accidenrte","status":"publish","type":"post","link":"https:\/\/lahora.mx\/index.php\/2022\/05\/20\/durante-incendio-forestal-en-xochitlan-director-de-conafor-sufre-accidenrte\/","title":{"rendered":"Durante incendio forestal en Xochitl\u00e1n director de Conafor sufre accidenrte"},"content":{"rendered":"\n<p>Durante un incendio activo\u00a0en\u00a0<strong>Xochitl\u00e1n de Vicente Su\u00e1rez,<\/strong>\u00a0una persona identificada como titular de Incendios de la Comisi\u00f3n Nacional Forestal (Conafor)\u00a0<strong>sufri\u00f3 un accidente que concluy\u00f3 en fractura craneal<\/strong>, raz\u00f3n por la que actualmente es atendido en el Hospital Regional del Issste en Puebla, inform\u00f3 el gobernador\u00a0<strong>Miguel Barbosa Huerta.<\/strong><\/p>\n\n\n\n<p>Acompa\u00f1ado de la titular de la Secretar\u00eda de Medio Ambiente, Desarrollo Sostenible y Ordenamiento Territorial (Smadsot),\u00a0<strong>Beatriz Manrique Guevara,\u00a0<\/strong>el mandatario poblano hizo referencia al suceso que\u00a0<strong>ocurri\u00f3 el 19 de mayo en ese municipio de la Sierra Norte.<\/strong><\/p>\n\n\n\n<p><strong><em>\u201cAyer hubo un accidente, una roca lastim\u00f3 al director de incendios de Conafor. Tuvo una fractura muy fuerte en Huitzilan de Serd\u00e1n (sic), entonces, el helic\u00f3ptero del que dispone el gobierno del estado fue a Huitzilan para traerlo al Issste (&#8230;) [son] mejor nuestros hospitales del estado, pero ah\u00ed est\u00e1 en el Issste\u201d<\/em><\/strong>, refiri\u00f3.<\/p>\n\n\n\n<p>Por su parte, Manrique Guevara detall\u00f3 que el hecho tuvo lugar mientras personal de ese organismo federal, de la Smadsot, Protecci\u00f3n Civil y voluntarios<strong>, combat\u00edan un siniestro forestal en Xochitl\u00e1n de Vicente Su\u00e1rez.<\/strong><\/p>\n\n\n\n<p>Actualmente, en la entidad&nbsp;<strong>prevalecen seis eventos de este tipo<\/strong>&nbsp;\u2013incluido el ya mencionado\u2013, los cuales tienen ocurrencia en los municipios de Ixtacamaxtitl\u00e1n, Aquixtla, Chilchotla, Quimixtl\u00e1n y Tlacotepec de Porfirio D\u00edaz.<\/p>\n\n\n\n<p>En contraste,&nbsp;<strong>se\u00f1al\u00f3 que un incendio ya fue contenido en la alcald\u00eda de Ca\u00f1ada de Morelos,<\/strong>&nbsp;gracias al trabajo de los combatientes del estado, municipales y federales.<\/p>\n\n\n\n<p>Por \u00faltimo, la funcionaria refiri\u00f3 tambi\u00e9n que,&nbsp;<strong>la participaci\u00f3n de personal voluntario es fundamental&nbsp;<\/strong>en las tareas para inhibir los fuegos, es importante que quienes decidan participar en las tareas sigan las \u00f3rdenes del personal al mando, esto con el objetivo de evitar accidentes como el ocurrido con el funcionario federal, dijo.<\/p>\n","protected":false},"excerpt":{"rendered":"<p>Durante un incendio activo\u00a0en\u00a0Xochitl\u00e1n de Vicente Su\u00e1rez,\u00a0una persona identificada como titular de Incendios de la Comisi\u00f3n Nacional Forestal (Conafor)\u00a0sufri\u00f3 un accidente que concluy\u00f3 en fractura craneal, raz\u00f3n por la que actualmente es atendido en el Hospital Regional del Issste en Puebla, inform\u00f3 el gobernador\u00a0Miguel Barbosa Huerta. Acompa\u00f1ado de la titular de la Secretar\u00eda de Medio [&hellip;]<\/p>\n","protected":false},"author":4,"featured_media":7229,"comment_status":"open","ping_status":"open","sticky":false,"template":"","format":"standard","meta":{"om_disable_all_campaigns":false,"_monsterinsights_skip_tracking":false,"_monsterinsights_sitenote_active":false,"_monsterinsights_sitenote_note":"","_monsterinsights_sitenote_category":0,"footnotes":""},"categories":[176],"tags":[195],"class_list":["post-7228","post","type-post","status-publish","format-standard","has-post-thumbnail","hentry","category-nacional","tag-principal"],"amp_enabled":true,"_links":{"self":[{"href":"https:\/\/lahora.mx\/index.php\/wp-json\/wp\/v2\/posts\/7228","targetHints":{"allow":["GET"]}}],"collection":[{"href":"https:\/\/lahora.mx\/index.php\/wp-json\/wp\/v2\/posts"}],"about":[{"href":"https:\/\/lahora.mx\/index.php\/wp-json\/wp\/v2\/types\/post"}],"author":[{"embeddable":true,"href":"https:\/\/lahora.mx\/index.php\/wp-json\/wp\/v2\/users\/4"}],"replies":[{"embeddable":true,"href":"https:\/\/lahora.mx\/index.php\/wp-json\/wp\/v2\/comments?post=7228"}],"version-history":[{"count":1,"href":"https:\/\/lahora.mx\/index.php\/wp-json\/wp\/v2\/posts\/7228\/revisions"}],"predecessor-version":[{"id":7230,"href":"https:\/\/lahora.mx\/index.php\/wp-json\/wp\/v2\/posts\/7228\/revisions\/7230"}],"wp:featuredmedia":[{"embeddable":true,"href":"https:\/\/lahora.mx\/index.php\/wp-json\/wp\/v2\/media\/7229"}],"wp:attachment":[{"href":"https:\/\/lahora.mx\/index.php\/wp-json\/wp\/v2\/media?parent=7228"}],"wp:term":[{"taxonomy":"category","embeddable":true,"href":"https:\/\/lahora.mx\/index.php\/wp-json\/wp\/v2\/categories?post=7228"},{"taxonomy":"post_tag","embeddable":true,"href":"https:\/\/lahora.mx\/index.php\/wp-json\/wp\/v2\/tags?post=7228"}],"curies":[{"name":"wp","href":"https:\/\/api.w.org\/{rel}","templated":true}]}}