{"id":72276,"date":"2025-12-01T00:51:23","date_gmt":"2025-12-01T00:51:23","guid":{"rendered":"https:\/\/lahora.mx\/?p=72276"},"modified":"2025-12-01T00:51:23","modified_gmt":"2025-12-01T00:51:23","slug":"con-alarmas-vecinales-y-obra-comunitaria-gobierno-estatal-refuerza-seguridad-en-puebla-capital","status":"publish","type":"post","link":"https:\/\/lahora.mx\/index.php\/2025\/12\/01\/con-alarmas-vecinales-y-obra-comunitaria-gobierno-estatal-refuerza-seguridad-en-puebla-capital\/","title":{"rendered":"Con Alarmas Vecinales y Obra Comunitaria, gobierno estatal refuerza seguridad en Puebla capital"},"content":{"rendered":"\n<p>En representaci\u00f3n del mandatario estatal, el coordinador general de Gabinete, Jos\u00e9 Luis Garc\u00eda Parra, afirm\u00f3 que la seguridad avanza gracias a la coordinaci\u00f3n entre la Federaci\u00f3n, el Estado y el municipio. Subray\u00f3 que las alarmas con videoc\u00e1maras conectadas al C5i permiten identificar a quienes intenten delinquir y garantizan que no exista impunidad. Reconoci\u00f3 el compromiso de los comit\u00e9s ciudadanos para vigilar y proteger sus colonias, e insisti\u00f3 en que la participaci\u00f3n vecinal se convierte en un pilar para las acciones de la Cuarta Transformaci\u00f3n en Puebla.<\/p>\n\n\n\n<p>El gobierno del estado entreg\u00f3 nuevas Alarmas Vecinales a los Comit\u00e9s de Paz y Seguridad, adem\u00e1s de apoyos del Programa de Obra Comunitaria, durante un evento en la colonia Loma Bella que reuni\u00f3 a autoridades estatales, federales y municipales. Las y los participantes destacaron que estas acciones consolidan la estrategia de seguridad impulsada por el gobernador Alejandro Armenta y fortalecen la organizaci\u00f3n vecinal en beneficio de miles de familias poblanas.<\/p>\n\n\n\n<p>El delegado federal de los Programas para el Desarrollo en el Estado de Puebla, Rodrigo Abdala subray\u00f3 que el Programa de Obra Comunitaria permite que la ciudadan\u00eda recupere la capacidad de decidir sobre el destino de los recursos p\u00fablicos y de transformar su entorno con participaci\u00f3n directa. Explic\u00f3 que este modelo no solo mejora la infraestructura, sino que tambi\u00e9n une a las comunidades, pues invita a los vecinos a dialogar, organizarse y tomar decisiones conjuntas para el bien com\u00fan. Afirm\u00f3 que los comit\u00e9s act\u00faan con visi\u00f3n responsable al elegir obras como guarniciones, banquetas, luminarias, remodelaci\u00f3n de parques, rehabilitaci\u00f3n de escuelas y espacios comunitarios. Reiter\u00f3 que el gobernador Armenta duplicar\u00e1 el presupuesto del programa el pr\u00f3ximo a\u00f1o y destac\u00f3 que esta acci\u00f3n in\u00e9dita en Puebla marca un precedente al entregar a la ciudadan\u00eda la administraci\u00f3n transparente de los recursos, lo que convierte al modelo en un ejemplo de participaci\u00f3n real y de construcci\u00f3n de una sociedad m\u00e1s segura y unida.<\/p>\n\n\n\n<p>La secretaria de Bienestar, Laura Artemisa Garc\u00eda Ch\u00e1vez, resalt\u00f3 que la instalaci\u00f3n de mil 261 alarmas en la zona conurbada demuestra el alcance del programa y la fuerza de la colaboraci\u00f3n comunitaria. Se\u00f1al\u00f3 que la seguridad depende primero de los valores que se impulsan en los hogares y tambi\u00e9n del esfuerzo organizado de la comunidad, que no se resigna ante problemas heredados. A\u00f1adi\u00f3 que los gobiernos humanistas, encabezados por Alejandro Armenta en Puebla y por la presidenta Claudia Sheinbaum en el pa\u00eds, trabajan junto a la ciudadan\u00eda para asegurar espacios dignos y seguros. Destac\u00f3 que el programa avanza en 308 colonias y 16 juntas auxiliares en la capital, as\u00ed como en Cuautlancingo, San Pedro Cholula y San Andr\u00e9s Cholula, donde la coordinaci\u00f3n entre los tres niveles de gobierno permite cumplir los objetivos trazados para mejorar la seguridad.<br>El presidente municipal de Puebla, Jos\u00e9 Chedraui, destac\u00f3 que el funcionamiento de las alarmas vecinales fortalece la coordinaci\u00f3n entre el municipio, el C5i, la DERI y la Polic\u00eda Municipal, lo que asegura respuestas oportunas ante cualquier emergencia. Explic\u00f3 que la ciudadan\u00eda tendr\u00e1 claridad sobre a qui\u00e9n llamar y qu\u00e9 instancia responde en cada caso, con el objetivo de mantener a Puebla en paz. Se\u00f1al\u00f3 que el municipio trabaja de manera permanente con el gobierno estatal y con el respaldo de la presidenta Claudia Sheinbaum para garantizar acciones conjuntas que fortalezcan la seguridad y la cercan\u00eda con las colonias.<\/p>\n\n\n\n<p>La tesorera del Comit\u00e9 de Alarmas Vecinales, Iztacc\u00edhuatl Jos\u00e9 S\u00e1nchez, agradeci\u00f3 la implementaci\u00f3n del programa y afirm\u00f3 que la uni\u00f3n vecinal permite avanzar en la prevenci\u00f3n del delito. Reconoci\u00f3 que las alarmas apoyan el trabajo de la polic\u00eda y promueven la participaci\u00f3n ciudadana para proteger a las familias. Hizo un llamado a cuidar los equipos y pidi\u00f3 que el proyecto mantenga seguimiento continuo, pues la seguridad de la comunidad depende del compromiso conjunto de autoridades y habitantes.<\/p>\n\n\n\n<p>Vecinos y autoridades realizaron una demostraci\u00f3n del uso de la aplicaci\u00f3n m\u00f3vil, que permite solicitar auxilio con un solo clic y recibir atenci\u00f3n inmediata de la patrulla m\u00e1s cercana y del C5i. Con la entrega de alarmas vecinales y los apoyos de obra comunitaria, el gobierno estatal reiter\u00f3 su compromiso con la seguridad, la organizaci\u00f3n ciudadana y el bienestar de las familias poblanas, un trabajo que avanza con resultados tangibles en colonias de la capital y municipios conurbados.<\/p>\n","protected":false},"excerpt":{"rendered":"<p>En representaci\u00f3n del mandatario estatal, el coordinador general de Gabinete, Jos\u00e9 Luis Garc\u00eda Parra, afirm\u00f3 que la seguridad avanza gracias a la coordinaci\u00f3n entre la Federaci\u00f3n, el Estado y el municipio. Subray\u00f3 que las alarmas con videoc\u00e1maras conectadas al C5i permiten identificar a quienes intenten delinquir y garantizan que no exista impunidad. Reconoci\u00f3 el compromiso [&hellip;]<\/p>\n","protected":false},"author":1,"featured_media":72277,"comment_status":"open","ping_status":"open","sticky":false,"template":"","format":"standard","meta":{"om_disable_all_campaigns":false,"_monsterinsights_skip_tracking":false,"_monsterinsights_sitenote_active":false,"_monsterinsights_sitenote_note":"","_monsterinsights_sitenote_category":0,"footnotes":""},"categories":[175],"tags":[239,195,223],"class_list":["post-72276","post","type-post","status-publish","format-standard","has-post-thumbnail","hentry","category-local","tag-gobierno","tag-principal","tag-puebla"],"amp_enabled":true,"_links":{"self":[{"href":"https:\/\/lahora.mx\/index.php\/wp-json\/wp\/v2\/posts\/72276","targetHints":{"allow":["GET"]}}],"collection":[{"href":"https:\/\/lahora.mx\/index.php\/wp-json\/wp\/v2\/posts"}],"about":[{"href":"https:\/\/lahora.mx\/index.php\/wp-json\/wp\/v2\/types\/post"}],"author":[{"embeddable":true,"href":"https:\/\/lahora.mx\/index.php\/wp-json\/wp\/v2\/users\/1"}],"replies":[{"embeddable":true,"href":"https:\/\/lahora.mx\/index.php\/wp-json\/wp\/v2\/comments?post=72276"}],"version-history":[{"count":1,"href":"https:\/\/lahora.mx\/index.php\/wp-json\/wp\/v2\/posts\/72276\/revisions"}],"predecessor-version":[{"id":72278,"href":"https:\/\/lahora.mx\/index.php\/wp-json\/wp\/v2\/posts\/72276\/revisions\/72278"}],"wp:featuredmedia":[{"embeddable":true,"href":"https:\/\/lahora.mx\/index.php\/wp-json\/wp\/v2\/media\/72277"}],"wp:attachment":[{"href":"https:\/\/lahora.mx\/index.php\/wp-json\/wp\/v2\/media?parent=72276"}],"wp:term":[{"taxonomy":"category","embeddable":true,"href":"https:\/\/lahora.mx\/index.php\/wp-json\/wp\/v2\/categories?post=72276"},{"taxonomy":"post_tag","embeddable":true,"href":"https:\/\/lahora.mx\/index.php\/wp-json\/wp\/v2\/tags?post=72276"}],"curies":[{"name":"wp","href":"https:\/\/api.w.org\/{rel}","templated":true}]}}