{"id":72248,"date":"2025-11-17T00:19:21","date_gmt":"2025-11-17T00:19:21","guid":{"rendered":"https:\/\/lahora.mx\/?p=72248"},"modified":"2025-12-01T00:20:45","modified_gmt":"2025-12-01T00:20:45","slug":"avala-comision-del-congreso-exhorto-para-la-prestacion-de-servicios-de-salud-sexual-y-reproductiva","status":"publish","type":"post","link":"https:\/\/lahora.mx\/index.php\/2025\/11\/17\/avala-comision-del-congreso-exhorto-para-la-prestacion-de-servicios-de-salud-sexual-y-reproductiva\/","title":{"rendered":"Avala Comisi\u00f3n del Congreso exhorto para la prestaci\u00f3n de servicios de salud sexual y reproductiva"},"content":{"rendered":"\n<p>En sesi\u00f3n de la Comisi\u00f3n de Atenci\u00f3n a Personas en Situaci\u00f3n de Vulnerabilidad, se aprob\u00f3 el proyecto de acuerdo para exhortar a las secretar\u00edas de Salud y de Educaci\u00f3n P\u00fablica para que, en el \u00e1mbito de su competencia y en coordinaci\u00f3n con los Ayuntamientos y Concejos Municipales, implementen campa\u00f1as de difusi\u00f3n, as\u00ed como la prestaci\u00f3n de servicios de salud sexual y reproductiva a la sociedad.<\/p>\n\n\n\n<p>En especial a la comunidad educativa y a las personas en situaci\u00f3n de vulnerabilidad, utilizando formatos inclusivos y accesibles, y tomando en cuenta las perspectivas de g\u00e9nero, de diversidad sexual, discapacidad e interculturalidad.<\/p>\n\n\n\n<p>Al respecto, la diputada promovente del exhorto, Mar\u00eda Soledad Amieva Zamora, se\u00f1al\u00f3 que el acceso a la salud sexual y reproductiva debe ser un derecho humano fundamental que transforme vidas. Dijo que, con estas acciones, se promueve el avance hacia un sistema de salud m\u00e1s justo, incluyente e informado.<\/p>\n\n\n\n<p>En otro momento de la sesi\u00f3n, se aprob\u00f3 el proyecto de acuerdo impulsado por la diputada Floricel Gonz\u00e1lez M\u00e9ndez, mediante el cual se exhorta a las secretar\u00edas de Planeaci\u00f3n, Finanzas y Administraci\u00f3n, y de Ciencia, Humanidades, Tecnolog\u00eda e Innovaci\u00f3n, as\u00ed como a los Ayuntamientos y Concejos Municipales, para que promuevan entre las dependencias y entidades estatales y municipales, seg\u00fan corresponda, la atenci\u00f3n preferencial, \u00e1gil y simplificada de las personas adultas mayores y con discapacidad.<\/p>\n\n\n\n<p>Lo anterior, al priorizar la reducci\u00f3n de requisitos y tiempos de espera, la adaptaci\u00f3n de espacios f\u00edsicos, formatos y procedimientos, la habilitaci\u00f3n de ventanillas preferentes y\/o de m\u00f3dulos itinerantes, as\u00ed como la capacitaci\u00f3n de su personal, para garantizar el respeto de los derechos humanos y un trato digno, emp\u00e1tico y sensible en favor de dichos sectores.<\/p>\n\n\n\n<p>A la sesi\u00f3n acudieron las diputadas Leonela Jazm\u00edn Mart\u00ednez Ayala, Luana Armida Amador Vallejo, Guadalupe Yamak Taja, Celia Bonaga Ruiz, Elisa Lim\u00f3n Balderrabano y Mar\u00eda Soledad Amieva Zamora, as\u00ed como el diputado Roberto Zatar\u00e1in Leal.<\/p>\n","protected":false},"excerpt":{"rendered":"<p>En sesi\u00f3n de la Comisi\u00f3n de Atenci\u00f3n a Personas en Situaci\u00f3n de Vulnerabilidad, se aprob\u00f3 el proyecto de acuerdo para exhortar a las secretar\u00edas de Salud y de Educaci\u00f3n P\u00fablica para que, en el \u00e1mbito de su competencia y en coordinaci\u00f3n con los Ayuntamientos y Concejos Municipales, implementen campa\u00f1as de difusi\u00f3n, as\u00ed como la prestaci\u00f3n [&hellip;]<\/p>\n","protected":false},"author":1,"featured_media":72249,"comment_status":"open","ping_status":"open","sticky":false,"template":"","format":"standard","meta":{"om_disable_all_campaigns":false,"_monsterinsights_skip_tracking":false,"_monsterinsights_sitenote_active":false,"_monsterinsights_sitenote_note":"","_monsterinsights_sitenote_category":0,"footnotes":""},"categories":[175],"tags":[227],"class_list":["post-72248","post","type-post","status-publish","format-standard","has-post-thumbnail","hentry","category-local","tag-congreso"],"amp_enabled":true,"_links":{"self":[{"href":"https:\/\/lahora.mx\/index.php\/wp-json\/wp\/v2\/posts\/72248","targetHints":{"allow":["GET"]}}],"collection":[{"href":"https:\/\/lahora.mx\/index.php\/wp-json\/wp\/v2\/posts"}],"about":[{"href":"https:\/\/lahora.mx\/index.php\/wp-json\/wp\/v2\/types\/post"}],"author":[{"embeddable":true,"href":"https:\/\/lahora.mx\/index.php\/wp-json\/wp\/v2\/users\/1"}],"replies":[{"embeddable":true,"href":"https:\/\/lahora.mx\/index.php\/wp-json\/wp\/v2\/comments?post=72248"}],"version-history":[{"count":1,"href":"https:\/\/lahora.mx\/index.php\/wp-json\/wp\/v2\/posts\/72248\/revisions"}],"predecessor-version":[{"id":72250,"href":"https:\/\/lahora.mx\/index.php\/wp-json\/wp\/v2\/posts\/72248\/revisions\/72250"}],"wp:featuredmedia":[{"embeddable":true,"href":"https:\/\/lahora.mx\/index.php\/wp-json\/wp\/v2\/media\/72249"}],"wp:attachment":[{"href":"https:\/\/lahora.mx\/index.php\/wp-json\/wp\/v2\/media?parent=72248"}],"wp:term":[{"taxonomy":"category","embeddable":true,"href":"https:\/\/lahora.mx\/index.php\/wp-json\/wp\/v2\/categories?post=72248"},{"taxonomy":"post_tag","embeddable":true,"href":"https:\/\/lahora.mx\/index.php\/wp-json\/wp\/v2\/tags?post=72248"}],"curies":[{"name":"wp","href":"https:\/\/api.w.org\/{rel}","templated":true}]}}