{"id":72234,"date":"2025-11-21T00:02:59","date_gmt":"2025-11-21T00:02:59","guid":{"rendered":"https:\/\/lahora.mx\/?p=72234"},"modified":"2025-12-01T00:05:53","modified_gmt":"2025-12-01T00:05:53","slug":"diputada-fedrha-isabel-suriano-presento-una-iniciativa-para-fortalecer-la-prevencion-contra-el-abuso-infantil","status":"publish","type":"post","link":"https:\/\/lahora.mx\/index.php\/2025\/11\/21\/diputada-fedrha-isabel-suriano-presento-una-iniciativa-para-fortalecer-la-prevencion-contra-el-abuso-infantil\/","title":{"rendered":"Diputada Fedrha Isabel Suriano present\u00f3 una iniciativa para fortalecer la prevenci\u00f3n contra el abuso infantil"},"content":{"rendered":"\n<p>La diputada Fedrha Isabel Suriano Corrales present\u00f3 una iniciativa para reformar diversas disposiciones de la Ley de los Derechos de las Ni\u00f1as, Ni\u00f1os y Adolescentes, de la Ley de Educaci\u00f3n y de la Ley Org\u00e1nica de la Fiscal\u00eda General del Estado de Puebla, con la finalidad de establecer un marco legal para la prevenci\u00f3n, detecci\u00f3n y atenci\u00f3n inmediata del abuso infantil y adolescente en la entidad.<\/p>\n\n\n\n<p>\u201cSobre todo porque, seg\u00fan una investigaci\u00f3n de Justicia Ciudadana, nueve de cada diez abusos sexuales infantiles en Puebla ocurren en el hogar\u201d, se\u00f1al\u00f3 la diputada.<\/p>\n\n\n\n<p>En rueda de prensa, la legisladora afirm\u00f3 que la iniciativa establece la obligaci\u00f3n expresa del Estado, con \u00e9nfasis en los gobiernos municipales, de capacitar de manera sistem\u00e1tica al personal que mantiene contacto directo con ni\u00f1as, ni\u00f1os y adolescentes en materia de prevenci\u00f3n y detecci\u00f3n temprana del abuso hacia menores.<\/p>\n\n\n\n<p>Tambi\u00e9n propone una Atenci\u00f3n Integral Inmediata a las v\u00edctimas, al exigir que los servicios de salud brinden una atenci\u00f3n inmediata y exhaustiva. Esta atenci\u00f3n no solo deber\u00e1 ser de \u00edndole m\u00e9dica, sino que tambi\u00e9n incluir\u00e1 el soporte psicol\u00f3gico indispensable para la recuperaci\u00f3n de las v\u00edctimas.<\/p>\n\n\n\n<p>En este sentido, la legisladora propone una educaci\u00f3n preventiva y protocolos escolares especializados, con el objetivo de fortalecer el entorno educativo. Se pretende impulsar una educaci\u00f3n integral e inclusiva con contenidos espec\u00edficos de prevenci\u00f3n contra el abuso sexual.<\/p>\n\n\n\n<p>Ante esta problem\u00e1tica, la propuesta legislativa tambi\u00e9n establece la creaci\u00f3n de una Fiscal\u00eda Especializada en Delitos en Contra de Ni\u00f1as, Ni\u00f1os y Adolescentes. Este \u00f3rgano ser\u00e1 indispensable para investigar estos cr\u00edmenes con personal altamente calificado, con enfoque especializado en la ni\u00f1ez, con peritos adecuados, tiempos de respuesta r\u00e1pidos y mecanismos de protecci\u00f3n efectiva para garantizar la justicia y la seguridad de las v\u00edctimas.<\/p>\n\n\n\n<p>Al hacer uso de la palabra, el diputado Pavel Gaspar Ram\u00edrez, presidente de la Junta de Gobierno y Coordinaci\u00f3n Pol\u00edtica del Congreso del Estado, reiter\u00f3 el compromiso de las y los diputados para legislar y fortalecer el marco jur\u00eddico a favor de la ni\u00f1ez poblana.<\/p>\n\n\n\n<p>En la rueda de prensa tambi\u00e9n se cont\u00f3 con la participaci\u00f3n del presidente de la Red para Infantes, Adolescentes y J\u00f3venes Puebla, Salvador S\u00e1nchez Trujillo.<\/p>\n","protected":false},"excerpt":{"rendered":"<p>La diputada Fedrha Isabel Suriano Corrales present\u00f3 una iniciativa para reformar diversas disposiciones de la Ley de los Derechos de las Ni\u00f1as, Ni\u00f1os y Adolescentes, de la Ley de Educaci\u00f3n y de la Ley Org\u00e1nica de la Fiscal\u00eda General del Estado de Puebla, con la finalidad de establecer un marco legal para la prevenci\u00f3n, detecci\u00f3n [&hellip;]<\/p>\n","protected":false},"author":1,"featured_media":72235,"comment_status":"open","ping_status":"open","sticky":false,"template":"","format":"standard","meta":{"om_disable_all_campaigns":false,"_monsterinsights_skip_tracking":false,"_monsterinsights_sitenote_active":false,"_monsterinsights_sitenote_note":"","_monsterinsights_sitenote_category":0,"footnotes":""},"categories":[175],"tags":[227,223],"class_list":["post-72234","post","type-post","status-publish","format-standard","has-post-thumbnail","hentry","category-local","tag-congreso","tag-puebla"],"amp_enabled":true,"_links":{"self":[{"href":"https:\/\/lahora.mx\/index.php\/wp-json\/wp\/v2\/posts\/72234","targetHints":{"allow":["GET"]}}],"collection":[{"href":"https:\/\/lahora.mx\/index.php\/wp-json\/wp\/v2\/posts"}],"about":[{"href":"https:\/\/lahora.mx\/index.php\/wp-json\/wp\/v2\/types\/post"}],"author":[{"embeddable":true,"href":"https:\/\/lahora.mx\/index.php\/wp-json\/wp\/v2\/users\/1"}],"replies":[{"embeddable":true,"href":"https:\/\/lahora.mx\/index.php\/wp-json\/wp\/v2\/comments?post=72234"}],"version-history":[{"count":1,"href":"https:\/\/lahora.mx\/index.php\/wp-json\/wp\/v2\/posts\/72234\/revisions"}],"predecessor-version":[{"id":72236,"href":"https:\/\/lahora.mx\/index.php\/wp-json\/wp\/v2\/posts\/72234\/revisions\/72236"}],"wp:featuredmedia":[{"embeddable":true,"href":"https:\/\/lahora.mx\/index.php\/wp-json\/wp\/v2\/media\/72235"}],"wp:attachment":[{"href":"https:\/\/lahora.mx\/index.php\/wp-json\/wp\/v2\/media?parent=72234"}],"wp:term":[{"taxonomy":"category","embeddable":true,"href":"https:\/\/lahora.mx\/index.php\/wp-json\/wp\/v2\/categories?post=72234"},{"taxonomy":"post_tag","embeddable":true,"href":"https:\/\/lahora.mx\/index.php\/wp-json\/wp\/v2\/tags?post=72234"}],"curies":[{"name":"wp","href":"https:\/\/api.w.org\/{rel}","templated":true}]}}