{"id":72212,"date":"2025-11-26T23:47:14","date_gmt":"2025-11-26T23:47:14","guid":{"rendered":"https:\/\/lahora.mx\/?p=72212"},"modified":"2025-11-30T23:49:14","modified_gmt":"2025-11-30T23:49:14","slug":"aprueba-comision-del-congreso-exhorto-para-sensibilizar-sobre-el-vih-sida","status":"publish","type":"post","link":"https:\/\/lahora.mx\/index.php\/2025\/11\/26\/aprueba-comision-del-congreso-exhorto-para-sensibilizar-sobre-el-vih-sida\/","title":{"rendered":"Aprueba Comisi\u00f3n del Congreso exhorto para sensibilizar sobre el VIH\/SIDA"},"content":{"rendered":"\n<p>La Comisi\u00f3n de Igualdad de G\u00e9nero del Congreso aprob\u00f3 el proyecto de acuerdo por el que se exhorta a la persona titular del Poder Judicial, al Poder Ejecutivo, a trav\u00e9s de la Secretar\u00eda de Salud, as\u00ed como a los Ayuntamientos y Concejos Municipales del Estado para que, en el marco del D\u00eda Mundial y Estatal de la Lucha Contra el VIH\/SIDA, durante el mes de diciembre, iluminen sus edificios de color rojo.<\/p>\n\n\n\n<p>Adem\u00e1s, para que lleven a cabo acciones de sensibilizaci\u00f3n de las y los servidores p\u00fablicos sobre el Virus de Inmunodeficiencia Humana (VIH) y el S\u00edndrome de Inmunodeficiencia Adquirida (SIDA), para garantizar el respeto a los derechos humanos, as\u00ed como una atenci\u00f3n digna y adecuada de las personas con estos padecimientos.<\/p>\n\n\n\n<p>En su intervenci\u00f3n, la diputada promovente de la propuesta, Cinthya Gabriela Chumacero Rodr\u00edguez, indic\u00f3 que implementar dichas acciones es un acto de solidaridad, respeto y compromiso para garantizar los derechos humanos de todas las personas, sobre todo a quienes tienen VIH\/SIDA quienes, adem\u00e1s de la enfermedad, enfrentan discriminaci\u00f3n.<\/p>\n\n\n\n<p>Durante la sesi\u00f3n, las diputadas aprobaron el acuerdo por virtud del cual se elige a las mujeres merecedoras de la Medalla \u00c1ngeles Espinosa Yglesias, para reconocer sus logros y aportaciones en distintos \u00e1mbitos.<\/p>\n\n\n\n<p>En este sentido, ser\u00e1n galardonadas el pr\u00f3ximo 4 de diciembre, en ceremonia solemne, las siguientes personas, en sus respectivas categor\u00edas: Claudia Gavidia Ar\u00e1mburo Benavides, filantr\u00f3pica; Elizabeth Monta\u00f1o Casas, acad\u00e9mica; Luisa Julieta Escobar Parra, deportiva; Sandy Carrera Altamirano, cient\u00edfica; Gloria Maldonado Arias, cultural y Tomasa G\u00f3mez P\u00e9rez, p\u00fablica.<\/p>\n\n\n\n<p>A la sesi\u00f3n acudieron las diputadas Xel Arianna Hern\u00e1ndez Garc\u00eda, Ana Laura G\u00f3mez Ram\u00edrez, Kathya S\u00e1nchez Rodr\u00edguez, Ana Lilia Tepole Armenta y Cinthya Gabriela Chumacero Rodr\u00edguez.<\/p>\n","protected":false},"excerpt":{"rendered":"<p>La Comisi\u00f3n de Igualdad de G\u00e9nero del Congreso aprob\u00f3 el proyecto de acuerdo por el que se exhorta a la persona titular del Poder Judicial, al Poder Ejecutivo, a trav\u00e9s de la Secretar\u00eda de Salud, as\u00ed como a los Ayuntamientos y Concejos Municipales del Estado para que, en el marco del D\u00eda Mundial y Estatal [&hellip;]<\/p>\n","protected":false},"author":1,"featured_media":72213,"comment_status":"open","ping_status":"open","sticky":false,"template":"","format":"standard","meta":{"om_disable_all_campaigns":false,"_monsterinsights_skip_tracking":false,"_monsterinsights_sitenote_active":false,"_monsterinsights_sitenote_note":"","_monsterinsights_sitenote_category":0,"footnotes":""},"categories":[175],"tags":[227,223],"class_list":["post-72212","post","type-post","status-publish","format-standard","has-post-thumbnail","hentry","category-local","tag-congreso","tag-puebla"],"amp_enabled":true,"_links":{"self":[{"href":"https:\/\/lahora.mx\/index.php\/wp-json\/wp\/v2\/posts\/72212","targetHints":{"allow":["GET"]}}],"collection":[{"href":"https:\/\/lahora.mx\/index.php\/wp-json\/wp\/v2\/posts"}],"about":[{"href":"https:\/\/lahora.mx\/index.php\/wp-json\/wp\/v2\/types\/post"}],"author":[{"embeddable":true,"href":"https:\/\/lahora.mx\/index.php\/wp-json\/wp\/v2\/users\/1"}],"replies":[{"embeddable":true,"href":"https:\/\/lahora.mx\/index.php\/wp-json\/wp\/v2\/comments?post=72212"}],"version-history":[{"count":1,"href":"https:\/\/lahora.mx\/index.php\/wp-json\/wp\/v2\/posts\/72212\/revisions"}],"predecessor-version":[{"id":72214,"href":"https:\/\/lahora.mx\/index.php\/wp-json\/wp\/v2\/posts\/72212\/revisions\/72214"}],"wp:featuredmedia":[{"embeddable":true,"href":"https:\/\/lahora.mx\/index.php\/wp-json\/wp\/v2\/media\/72213"}],"wp:attachment":[{"href":"https:\/\/lahora.mx\/index.php\/wp-json\/wp\/v2\/media?parent=72212"}],"wp:term":[{"taxonomy":"category","embeddable":true,"href":"https:\/\/lahora.mx\/index.php\/wp-json\/wp\/v2\/categories?post=72212"},{"taxonomy":"post_tag","embeddable":true,"href":"https:\/\/lahora.mx\/index.php\/wp-json\/wp\/v2\/tags?post=72212"}],"curies":[{"name":"wp","href":"https:\/\/api.w.org\/{rel}","templated":true}]}}