{"id":72200,"date":"2025-11-30T23:40:22","date_gmt":"2025-11-30T23:40:22","guid":{"rendered":"https:\/\/lahora.mx\/?p=72200"},"modified":"2025-11-30T23:40:23","modified_gmt":"2025-11-30T23:40:23","slug":"participa-gobierno-de-la-ciudad-en-la-3a-asamblea-general-ordinaria-2025-de-la-ancmpm-en-el-senado-de-la-republica","status":"publish","type":"post","link":"https:\/\/lahora.mx\/index.php\/2025\/11\/30\/participa-gobierno-de-la-ciudad-en-la-3a-asamblea-general-ordinaria-2025-de-la-ancmpm-en-el-senado-de-la-republica\/","title":{"rendered":"Participa Gobierno de la Ciudad en la 3\u00aa Asamblea General Ordinaria 2025 de la ANCMPM en el Senado de la Rep\u00fablica"},"content":{"rendered":"\n<p>En representaci\u00f3n del alcalde Pepe Chedraui, Aimee Guerra, titular de la Gerencia del Centro Hist\u00f3rico y Patrimonio Cultural de Puebla, asisti\u00f3 a la 3\u00aa Asamblea General Ordinaria 2025 de la Asociaci\u00f3n Nacional de Ciudades Mexicanas Patrimonio Mundial (ANCMPM), realizada en el Senado de la Rep\u00fablica, donde representantes nacionales e internacionales revisaron temas estrat\u00e9gicos para la protecci\u00f3n, promoci\u00f3n y gesti\u00f3n sostenible de las ciudades patrimonio del pa\u00eds.<\/p>\n\n\n\n<p>El encuentro fue encabezado por el Mtro. Enrique Francisco Galindo Ceballos, presidente de la ANCMPM; la vicepresidenta Samantha Smith; y Jorge Ortega Gonz\u00e1lez, Director General de la Asociaci\u00f3n. La reuni\u00f3n cont\u00f3 adem\u00e1s con la participaci\u00f3n de Andr\u00e9s Morales, representante de la UNESCO en M\u00e9xico; la senadora Beatriz Mojica Morga; el Embajador de Ir\u00e1n en M\u00e9xico, Abolfazl Pasandideh; el Arq. Arturo Balandrano Campos, de la Secretar\u00eda de Cultura Federal; y el senador Gino Segura, quien present\u00f3 la muestra fotogr\u00e1fica \u201cEncuentro Internacional de Ciudades Patrimonio: Turismo Sustentable y el Mundial de F\u00fatbol M\u00e9xico 2026\u201d.<br><br>Durante la asamblea,&nbsp;<strong>se analizaron temas clave para fortalecer el trabajo conjunto, avanzar en la conservaci\u00f3n de los monumentos hist\u00f3ricos, impulsar la difusi\u00f3n del patrimonio cultural y promover estrategias coordinadas que permitan consolidar a las ciudades patrimonio como referentes nacionales e internacionales.<\/strong><\/p>\n\n\n\n<p>Al finalizar, Aimee Guerra destac\u00f3 el valor de este espacio de di\u00e1logo y colaboraci\u00f3n:<\/p>\n\n\n\n<p>\u201cMe llevo grandes reflexiones y un compromiso renovado de seguir trabajando por la conservaci\u00f3n, difusi\u00f3n y fortalecimiento de nuestras ciudades patrimonio. Este tipo de encuentros nos permiten unir esfuerzos y consolidar una visi\u00f3n compartida para proteger nuestra riqueza hist\u00f3rica y cultural.\u201d<\/p>\n\n\n\n<p>La participaci\u00f3n de Puebla en esta Asamblea, a trav\u00e9s de la representaci\u00f3n de la Gerencia del Centro Hist\u00f3rico y Patrimonio Cultural, reafirma el compromiso del alcalde Pepe Chedraui con la preservaci\u00f3n y promoci\u00f3n del legado patrimonial que distingue a las Ciudades Mexicanas Patrimonio Mundial.<\/p>\n","protected":false},"excerpt":{"rendered":"<p>En representaci\u00f3n del alcalde Pepe Chedraui, Aimee Guerra, titular de la Gerencia del Centro Hist\u00f3rico y Patrimonio Cultural de Puebla, asisti\u00f3 a la 3\u00aa Asamblea General Ordinaria 2025 de la Asociaci\u00f3n Nacional de Ciudades Mexicanas Patrimonio Mundial (ANCMPM), realizada en el Senado de la Rep\u00fablica, donde representantes nacionales e internacionales revisaron temas estrat\u00e9gicos para la [&hellip;]<\/p>\n","protected":false},"author":1,"featured_media":72201,"comment_status":"open","ping_status":"open","sticky":false,"template":"","format":"standard","meta":{"om_disable_all_campaigns":false,"_monsterinsights_skip_tracking":false,"_monsterinsights_sitenote_active":false,"_monsterinsights_sitenote_note":"","_monsterinsights_sitenote_category":0,"footnotes":""},"categories":[175],"tags":[239,223],"class_list":["post-72200","post","type-post","status-publish","format-standard","has-post-thumbnail","hentry","category-local","tag-gobierno","tag-puebla"],"amp_enabled":true,"_links":{"self":[{"href":"https:\/\/lahora.mx\/index.php\/wp-json\/wp\/v2\/posts\/72200","targetHints":{"allow":["GET"]}}],"collection":[{"href":"https:\/\/lahora.mx\/index.php\/wp-json\/wp\/v2\/posts"}],"about":[{"href":"https:\/\/lahora.mx\/index.php\/wp-json\/wp\/v2\/types\/post"}],"author":[{"embeddable":true,"href":"https:\/\/lahora.mx\/index.php\/wp-json\/wp\/v2\/users\/1"}],"replies":[{"embeddable":true,"href":"https:\/\/lahora.mx\/index.php\/wp-json\/wp\/v2\/comments?post=72200"}],"version-history":[{"count":1,"href":"https:\/\/lahora.mx\/index.php\/wp-json\/wp\/v2\/posts\/72200\/revisions"}],"predecessor-version":[{"id":72202,"href":"https:\/\/lahora.mx\/index.php\/wp-json\/wp\/v2\/posts\/72200\/revisions\/72202"}],"wp:featuredmedia":[{"embeddable":true,"href":"https:\/\/lahora.mx\/index.php\/wp-json\/wp\/v2\/media\/72201"}],"wp:attachment":[{"href":"https:\/\/lahora.mx\/index.php\/wp-json\/wp\/v2\/media?parent=72200"}],"wp:term":[{"taxonomy":"category","embeddable":true,"href":"https:\/\/lahora.mx\/index.php\/wp-json\/wp\/v2\/categories?post=72200"},{"taxonomy":"post_tag","embeddable":true,"href":"https:\/\/lahora.mx\/index.php\/wp-json\/wp\/v2\/tags?post=72200"}],"curies":[{"name":"wp","href":"https:\/\/api.w.org\/{rel}","templated":true}]}}