{"id":72146,"date":"2025-11-23T22:33:24","date_gmt":"2025-11-23T22:33:24","guid":{"rendered":"https:\/\/lahora.mx\/?p=72146"},"modified":"2025-11-30T22:37:32","modified_gmt":"2025-11-30T22:37:32","slug":"con-inversion-historica-gobierno-de-la-ciudad-atiende-mas-de-200-mil-baches-en-la-capital","status":"publish","type":"post","link":"https:\/\/lahora.mx\/index.php\/2025\/11\/23\/con-inversion-historica-gobierno-de-la-ciudad-atiende-mas-de-200-mil-baches-en-la-capital\/","title":{"rendered":"Con inversi\u00f3n hist\u00f3rica, Gobierno de la Ciudad atiende m\u00e1s de 200 mil baches en la capital"},"content":{"rendered":"\n<p>En el marco de la Campa\u00f1a Capitalina Bacheando Puebla y con una inversi\u00f3n hist\u00f3rica de 154.3 millones de pesos, el Gobierno de la Ciudad que encabeza el presidente municipal, Pepe Chedraui Budib, ha cumplido con la meta anual establecida de atender m\u00e1s de 200 mil baches en el municipio poblano.<\/p>\n\n\n\n<p>Con sede en la Junta Auxiliar Ignacio Zaragoza, el edil capitalino inform\u00f3 que, de enero a la fecha se han tapado un total de 226 mil 536 baches en diferentes zonas de la capital, a trav\u00e9s de labores de bacheo con mezcla asf\u00e1ltica en caliente y en frio.<\/p>\n\n\n\n<p>\u201cEstamos cumpliendo un compromiso m\u00e1s que hicimos con las y los poblanos, hemos superado la meta en materia de bacheo, sin embargo, no vamos a detenernos, la rehabilitaci\u00f3n vial es un esfuerzo continuo y vamos a seguir respondiendo a la ciudadan\u00eda con hechos y acciones concretas\u201d, destac\u00f3.<\/p>\n\n\n\n<p>En su mensaje, la secretaria para la Igualdad Sustantiva de G\u00e9nero, Zaira Gonz\u00e1lez G\u00f3mez se\u00f1al\u00f3 que, este logro no solo garantiza calles m\u00e1s seguras y transitables, sino que tambi\u00e9n representa un paso firme hacia una ciudad m\u00e1s accesible, equitativa e inclusiva, en la que la movilidad de todas las personas \u2014mujeres, hombres, ni\u00f1as, ni\u00f1os, adultos mayores y personas con discapacidad\u2014 sea una prioridad.<\/p>\n\n\n\n<p>\u201cLa mejora de la infraestructura vial es una acci\u00f3n directa para promover la equidad, la inclusi\u00f3n y la igualdad sustantiva de g\u00e9nero, asegurando que todos los habitantes de la ciudad accedan a espacios urbanos dignos y seguros\u201d, precis\u00f3.<\/p>\n\n\n\n<p>Por su parte, la titular de la Coordinaci\u00f3n General de Transparencia y Municipio Abierto, Laura Elizabeth Garc\u00eda Gonz\u00e1lez mencion\u00f3 que, cada programa implementado, cada acci\u00f3n ejecutada y cada bache atendido son un reflejo del compromiso de este gobierno con la ciudadan\u00eda y con la correcta administraci\u00f3n de los recursos p\u00fablicos.<\/p>\n\n\n\n<p>\u201cEl cumplimiento de la palabra empe\u00f1ada es fundamental para la confianza ciudadana. Este d\u00eda se cumple la meta de atender m\u00e1s de 200 mil baches en la capital. Por ello, este logro es un paso m\u00e1s en nuestro objetivo de construir una ciudad m\u00e1s segura, funcional y transparente.\u201d, a\u00f1adi\u00f3.<\/p>\n\n\n\n<p>En su intervenci\u00f3n, el secretario de Movilidad e Infraestructura, David Aysa asever\u00f3 que, gracias a la implementaci\u00f3n de la tecnolog\u00eda, la participaci\u00f3n ciudadana y la coordinaci\u00f3n con medios de comunicaci\u00f3n fue posible atender de forma prioritaria vialidades primarias y secundarias, as\u00ed como las arterias viales de colonias, unidades habitacionales, fraccionamientos y juntas auxiliares.<\/p>\n\n\n\n<p>\u201cLos trabajos de bacheo continuar\u00e1n en toda la capital, nuestro objetivo es claro: brindar a las y los poblanos calles seguras, transitables y accesibles\u201d, puntualiz\u00f3.<\/p>\n\n\n\n<p>Con la atenci\u00f3n de m\u00e1s de 200 mil baches en la capital, el Gobierno de la Ciudad que encabeza el presidente municipal, Pepe Chedraui Budib, refrenda su compromiso con el fortalecimiento de la infraestructura vial.<\/p>\n","protected":false},"excerpt":{"rendered":"<p>En el marco de la Campa\u00f1a Capitalina Bacheando Puebla y con una inversi\u00f3n hist\u00f3rica de 154.3 millones de pesos, el Gobierno de la Ciudad que encabeza el presidente municipal, Pepe Chedraui Budib, ha cumplido con la meta anual establecida de atender m\u00e1s de 200 mil baches en el municipio poblano. Con sede en la Junta [&hellip;]<\/p>\n","protected":false},"author":1,"featured_media":72147,"comment_status":"open","ping_status":"open","sticky":false,"template":"","format":"standard","meta":{"om_disable_all_campaigns":false,"_monsterinsights_skip_tracking":false,"_monsterinsights_sitenote_active":false,"_monsterinsights_sitenote_note":"","_monsterinsights_sitenote_category":0,"footnotes":""},"categories":[175],"tags":[223],"class_list":["post-72146","post","type-post","status-publish","format-standard","has-post-thumbnail","hentry","category-local","tag-puebla"],"amp_enabled":true,"_links":{"self":[{"href":"https:\/\/lahora.mx\/index.php\/wp-json\/wp\/v2\/posts\/72146","targetHints":{"allow":["GET"]}}],"collection":[{"href":"https:\/\/lahora.mx\/index.php\/wp-json\/wp\/v2\/posts"}],"about":[{"href":"https:\/\/lahora.mx\/index.php\/wp-json\/wp\/v2\/types\/post"}],"author":[{"embeddable":true,"href":"https:\/\/lahora.mx\/index.php\/wp-json\/wp\/v2\/users\/1"}],"replies":[{"embeddable":true,"href":"https:\/\/lahora.mx\/index.php\/wp-json\/wp\/v2\/comments?post=72146"}],"version-history":[{"count":1,"href":"https:\/\/lahora.mx\/index.php\/wp-json\/wp\/v2\/posts\/72146\/revisions"}],"predecessor-version":[{"id":72148,"href":"https:\/\/lahora.mx\/index.php\/wp-json\/wp\/v2\/posts\/72146\/revisions\/72148"}],"wp:featuredmedia":[{"embeddable":true,"href":"https:\/\/lahora.mx\/index.php\/wp-json\/wp\/v2\/media\/72147"}],"wp:attachment":[{"href":"https:\/\/lahora.mx\/index.php\/wp-json\/wp\/v2\/media?parent=72146"}],"wp:term":[{"taxonomy":"category","embeddable":true,"href":"https:\/\/lahora.mx\/index.php\/wp-json\/wp\/v2\/categories?post=72146"},{"taxonomy":"post_tag","embeddable":true,"href":"https:\/\/lahora.mx\/index.php\/wp-json\/wp\/v2\/tags?post=72146"}],"curies":[{"name":"wp","href":"https:\/\/api.w.org\/{rel}","templated":true}]}}