{"id":72140,"date":"2025-11-23T22:27:17","date_gmt":"2025-11-23T22:27:17","guid":{"rendered":"https:\/\/lahora.mx\/?p=72140"},"modified":"2025-11-30T22:28:08","modified_gmt":"2025-11-30T22:28:08","slug":"gobierno-de-la-ciudad-brinda-mantenimiento-integral-a-templos-e-inmuebles-del-centro-historico","status":"publish","type":"post","link":"https:\/\/lahora.mx\/index.php\/2025\/11\/23\/gobierno-de-la-ciudad-brinda-mantenimiento-integral-a-templos-e-inmuebles-del-centro-historico\/","title":{"rendered":"Gobierno de la Ciudad brinda mantenimiento integral a templos e inmuebles del Centro Hist\u00f3rico"},"content":{"rendered":"\n<p>Con el objetivo de preservar, proteger y rescatar la imagen urbana del coraz\u00f3n de Puebla, el Gobierno de la Ciudad, encabezado por el alcalde Pepe Chedraui Budib, a trav\u00e9s de la Gerencia del Centro Hist\u00f3rico y Patrimonio Cultural, realiza trabajos de mantenimiento y rehabilitaci\u00f3n en templos e inmuebles emblem\u00e1ticos.<\/p>\n\n\n\n<p>Cabe resaltar que el Centro Hist\u00f3rico de la ciudad de Puebla cuenta con el nombramiento de Patrimonio Mundial por la UNESCO, por lo que resalta a\u00fan m\u00e1s la importancia de mantener la imagen urbana del patrimonio edificado.<\/p>\n\n\n\n<p>Las acciones comprenden la erradicaci\u00f3n de vegetaci\u00f3n par\u00e1sita, la liberaci\u00f3n e integraci\u00f3n de aplanados, el desazolve de bajadas pluviales y la aplicaci\u00f3n de pintura en muros y elementos de herrer\u00eda, labores que contribuyen al embellecimiento y conservaci\u00f3n del patrimonio arquitect\u00f3nico de la capital poblana.<\/p>\n\n\n\n<p>La titular de la Gerencia del Centro Hist\u00f3rico y Patrimonio Cultural, Aim\u00e9e Guerra P\u00e9rez, destac\u00f3 que estas acciones forman parte de una estrategia permanente para preservar el patrimonio edificado y mejorar el entorno urbano del Centro Hist\u00f3rico, reforzando su valor hist\u00f3rico, cultural y tur\u00edstico.<\/p>\n\n\n\n<p>En el caso de los templos, los inmuebles beneficiados son la Parroquia de San Marcos Evangelista, la Parroquia de Santa Clara de As\u00eds, la Capilla de Dolores y la Parroquia de San Francisco Totimehuacan, con una inversi\u00f3n total de un mill\u00f3n 480 mil pesos destinada a su mantenimiento integral.<\/p>\n\n\n\n<p>De igual manera, la Gerencia en conjunto con la Secretar\u00eda de Movilidad e Infraestructura que encabeza David Aysa, ha intervenido 16 fachadas de inmuebles ubicados en el corredor emblem\u00e1tico de la 6 Oriente, fortaleciendo la imagen urbana de uno de los principales ejes tur\u00edsticos y culturales del Centro Hist\u00f3rico.<\/p>\n\n\n\n<p>Con estas acciones, el Gobierno Municipal ha beneficiado directamente a m\u00e1s de 30 mil habitantes del Centro Hist\u00f3rico y a 53 mil personas en la junta auxiliar de San Francisco Totimehuacan, adem\u00e1s de mejorar la experiencia de los m\u00e1s de 3 millones de turistas que visitan Puebla cada a\u00f1o.<\/p>\n","protected":false},"excerpt":{"rendered":"<p>Con el objetivo de preservar, proteger y rescatar la imagen urbana del coraz\u00f3n de Puebla, el Gobierno de la Ciudad, encabezado por el alcalde Pepe Chedraui Budib, a trav\u00e9s de la Gerencia del Centro Hist\u00f3rico y Patrimonio Cultural, realiza trabajos de mantenimiento y rehabilitaci\u00f3n en templos e inmuebles emblem\u00e1ticos. Cabe resaltar que el Centro Hist\u00f3rico [&hellip;]<\/p>\n","protected":false},"author":1,"featured_media":72141,"comment_status":"open","ping_status":"open","sticky":false,"template":"","format":"standard","meta":{"om_disable_all_campaigns":false,"_monsterinsights_skip_tracking":false,"_monsterinsights_sitenote_active":false,"_monsterinsights_sitenote_note":"","_monsterinsights_sitenote_category":0,"footnotes":""},"categories":[175],"tags":[223],"class_list":["post-72140","post","type-post","status-publish","format-standard","has-post-thumbnail","hentry","category-local","tag-puebla"],"amp_enabled":true,"_links":{"self":[{"href":"https:\/\/lahora.mx\/index.php\/wp-json\/wp\/v2\/posts\/72140","targetHints":{"allow":["GET"]}}],"collection":[{"href":"https:\/\/lahora.mx\/index.php\/wp-json\/wp\/v2\/posts"}],"about":[{"href":"https:\/\/lahora.mx\/index.php\/wp-json\/wp\/v2\/types\/post"}],"author":[{"embeddable":true,"href":"https:\/\/lahora.mx\/index.php\/wp-json\/wp\/v2\/users\/1"}],"replies":[{"embeddable":true,"href":"https:\/\/lahora.mx\/index.php\/wp-json\/wp\/v2\/comments?post=72140"}],"version-history":[{"count":1,"href":"https:\/\/lahora.mx\/index.php\/wp-json\/wp\/v2\/posts\/72140\/revisions"}],"predecessor-version":[{"id":72142,"href":"https:\/\/lahora.mx\/index.php\/wp-json\/wp\/v2\/posts\/72140\/revisions\/72142"}],"wp:featuredmedia":[{"embeddable":true,"href":"https:\/\/lahora.mx\/index.php\/wp-json\/wp\/v2\/media\/72141"}],"wp:attachment":[{"href":"https:\/\/lahora.mx\/index.php\/wp-json\/wp\/v2\/media?parent=72140"}],"wp:term":[{"taxonomy":"category","embeddable":true,"href":"https:\/\/lahora.mx\/index.php\/wp-json\/wp\/v2\/categories?post=72140"},{"taxonomy":"post_tag","embeddable":true,"href":"https:\/\/lahora.mx\/index.php\/wp-json\/wp\/v2\/tags?post=72140"}],"curies":[{"name":"wp","href":"https:\/\/api.w.org\/{rel}","templated":true}]}}