{"id":72137,"date":"2025-11-22T22:22:20","date_gmt":"2025-11-22T22:22:20","guid":{"rendered":"https:\/\/lahora.mx\/?p=72137"},"modified":"2025-11-30T22:23:40","modified_gmt":"2025-11-30T22:23:40","slug":"refuerza-gobierno-de-la-ciudad-acciones-para-fortalecer-entornos-seguros-solidarios-y-libres-de-violencia","status":"publish","type":"post","link":"https:\/\/lahora.mx\/index.php\/2025\/11\/22\/refuerza-gobierno-de-la-ciudad-acciones-para-fortalecer-entornos-seguros-solidarios-y-libres-de-violencia\/","title":{"rendered":"Refuerza Gobierno de la Ciudad acciones para fortalecer entornos seguros, solidarios y libres de violencia"},"content":{"rendered":"\n<p>Con el objetivo de prevenir y atender la violencia contra las mujeres de la capital, el Gobierno de la Ciudad a trav\u00e9s de la Secretar\u00eda para la Igualdad Sustantiva de G\u00e9nero ha implementado estrategias integrales de atenci\u00f3n, acompa\u00f1amiento y prevenci\u00f3n en coordinaci\u00f3n con diversas instituciones municipales y estatales durante el trimestre julio\u2013septiembre de 2025.<\/p>\n\n\n\n<p>La dependencia que encabeza Zaira Gonz\u00e1lez G\u00f3mez implement\u00f3 acciones focalizadas en juntas auxiliares y colonias de la capital, entre las que destacan: 431 atenciones psicol\u00f3gicas y jur\u00eddicas, adem\u00e1s de 100 brindadas en los Centros de Mediaci\u00f3n e Intervenci\u00f3n (CMI); mil 93 talleres de prevenci\u00f3n de la violencia de g\u00e9nero, acoso, hostigamiento y nuevas masculinidades, m\u00e1s 350 adicionales a trav\u00e9s de los CMI; 373 ceremonias hol\u00edsticas de bienestar emocional, junto con 50 m\u00e1s realizadas en los CMI; 540 talleres especializados contra el acoso y hostigamiento sexual y laboral, adem\u00e1s de 90 acciones complementarias.<\/p>\n\n\n\n<p>A estas iniciativas se sumaron sesiones de cine-debate, asesor\u00edas psicol\u00f3gicas y jur\u00eddicas personalizadas, talleres de prevenci\u00f3n de la violencia de g\u00e9nero, actividades orientadas al fortalecimiento de la cultura de la paz, as\u00ed como ceremonias hol\u00edsticas desarrolladas en comunidades con mayor vulnerabilidad.<\/p>\n\n\n\n<p>Con estas acciones, el Gobierno de la Ciudad, encabezado por el presidente municipal Pepe Chedraui, reafirma su compromiso de acercar servicios especializados e impulsar estrategias preventivas que fortalezcan la seguridad y el bienestar de las mujeres, consolidando a Puebla como una capital en orden.<\/p>\n","protected":false},"excerpt":{"rendered":"<p>Con el objetivo de prevenir y atender la violencia contra las mujeres de la capital, el Gobierno de la Ciudad a trav\u00e9s de la Secretar\u00eda para la Igualdad Sustantiva de G\u00e9nero ha implementado estrategias integrales de atenci\u00f3n, acompa\u00f1amiento y prevenci\u00f3n en coordinaci\u00f3n con diversas instituciones municipales y estatales durante el trimestre julio\u2013septiembre de 2025. La [&hellip;]<\/p>\n","protected":false},"author":1,"featured_media":72138,"comment_status":"open","ping_status":"open","sticky":false,"template":"","format":"standard","meta":{"om_disable_all_campaigns":false,"_monsterinsights_skip_tracking":false,"_monsterinsights_sitenote_active":false,"_monsterinsights_sitenote_note":"","_monsterinsights_sitenote_category":0,"footnotes":""},"categories":[175],"tags":[223],"class_list":["post-72137","post","type-post","status-publish","format-standard","has-post-thumbnail","hentry","category-local","tag-puebla"],"amp_enabled":true,"_links":{"self":[{"href":"https:\/\/lahora.mx\/index.php\/wp-json\/wp\/v2\/posts\/72137","targetHints":{"allow":["GET"]}}],"collection":[{"href":"https:\/\/lahora.mx\/index.php\/wp-json\/wp\/v2\/posts"}],"about":[{"href":"https:\/\/lahora.mx\/index.php\/wp-json\/wp\/v2\/types\/post"}],"author":[{"embeddable":true,"href":"https:\/\/lahora.mx\/index.php\/wp-json\/wp\/v2\/users\/1"}],"replies":[{"embeddable":true,"href":"https:\/\/lahora.mx\/index.php\/wp-json\/wp\/v2\/comments?post=72137"}],"version-history":[{"count":1,"href":"https:\/\/lahora.mx\/index.php\/wp-json\/wp\/v2\/posts\/72137\/revisions"}],"predecessor-version":[{"id":72139,"href":"https:\/\/lahora.mx\/index.php\/wp-json\/wp\/v2\/posts\/72137\/revisions\/72139"}],"wp:featuredmedia":[{"embeddable":true,"href":"https:\/\/lahora.mx\/index.php\/wp-json\/wp\/v2\/media\/72138"}],"wp:attachment":[{"href":"https:\/\/lahora.mx\/index.php\/wp-json\/wp\/v2\/media?parent=72137"}],"wp:term":[{"taxonomy":"category","embeddable":true,"href":"https:\/\/lahora.mx\/index.php\/wp-json\/wp\/v2\/categories?post=72137"},{"taxonomy":"post_tag","embeddable":true,"href":"https:\/\/lahora.mx\/index.php\/wp-json\/wp\/v2\/tags?post=72137"}],"curies":[{"name":"wp","href":"https:\/\/api.w.org\/{rel}","templated":true}]}}