{"id":72131,"date":"2025-11-17T22:14:36","date_gmt":"2025-11-17T22:14:36","guid":{"rendered":"https:\/\/lahora.mx\/?p=72131"},"modified":"2025-11-30T22:17:19","modified_gmt":"2025-11-30T22:17:19","slug":"continua-gobierno-de-la-ciudad-fortaleciendo-el-compromiso-por-escuelas-sustentables","status":"publish","type":"post","link":"https:\/\/lahora.mx\/index.php\/2025\/11\/17\/continua-gobierno-de-la-ciudad-fortaleciendo-el-compromiso-por-escuelas-sustentables\/","title":{"rendered":"Continua Gobierno de la Ciudad fortaleciendo el compromiso por escuelas sustentables"},"content":{"rendered":"\n<p>Como parte de la estrategia municipal para promover el cuidado del medio ambiente desde los espacios educativos, el Gobierno de la Ciudad, encabezado por el presidente municipal Pepe Chedraui, a trav\u00e9s de la Secretar\u00eda de Medio Ambiente, contin\u00faa reforzando la carta compromiso \u201cEl camino hacia escuelas sustentables\u201d, en esta ocasi\u00f3n con la comunidad escolar del preescolar La Flor.<\/p>\n\n\n\n<p>El titular de la dependencia, Iv\u00e1n Herrera Villag\u00f3mez, reafirm\u00f3 que el gobierno local impulsa acciones permanentes de educaci\u00f3n y participaci\u00f3n ambiental dentro de los planteles. Se\u00f1al\u00f3 que la construcci\u00f3n de una cultura ambiental inicia desde la ni\u00f1ez y reiter\u00f3 que el municipio continuar\u00e1 trabajando de manera cercana con la comunidad estudiantil, as\u00ed como sus familias para promover entornos m\u00e1s verdes y responsables.<\/p>\n\n\n\n<p>Herrera Villag\u00f3mez destac\u00f3 adem\u00e1s el respaldo del Presidente Municipal de Puebla, Pepe Chedraui, quien ha instruido fortalecer los programas orientados al manejo responsable del agua, la protecci\u00f3n de \u00e1reas verdes y la educaci\u00f3n ambiental como herramienta para la formaci\u00f3n ciudadana.<\/p>\n\n\n\n<p>Se realizaron actividades did\u00e1cticas y talleres a cargo de la Direcci\u00f3n del Agua y la Direcci\u00f3n de Infraestructura Verde. Las y los estudiantes participaron en din\u00e1micas sobre el cuidado del recurso h\u00eddrico, la importancia de la vegetaci\u00f3n urbana y el uso adecuado de los espacios naturales.<\/p>\n\n\n\n<p>Con estas acciones, el Gobierno de la Ciudad reafirma su compromiso de consolidar a Puebla como un referente en sostenibilidad mediante la colaboraci\u00f3n entre gobierno, escuelas y comunidad para fomentar una cultura ambiental activa y sustentable.<\/p>\n","protected":false},"excerpt":{"rendered":"<p>Como parte de la estrategia municipal para promover el cuidado del medio ambiente desde los espacios educativos, el Gobierno de la Ciudad, encabezado por el presidente municipal Pepe Chedraui, a trav\u00e9s de la Secretar\u00eda de Medio Ambiente, contin\u00faa reforzando la carta compromiso \u201cEl camino hacia escuelas sustentables\u201d, en esta ocasi\u00f3n con la comunidad escolar del [&hellip;]<\/p>\n","protected":false},"author":1,"featured_media":72132,"comment_status":"open","ping_status":"open","sticky":false,"template":"","format":"standard","meta":{"om_disable_all_campaigns":false,"_monsterinsights_skip_tracking":false,"_monsterinsights_sitenote_active":false,"_monsterinsights_sitenote_note":"","_monsterinsights_sitenote_category":0,"footnotes":""},"categories":[175],"tags":[239,223],"class_list":["post-72131","post","type-post","status-publish","format-standard","has-post-thumbnail","hentry","category-local","tag-gobierno","tag-puebla"],"amp_enabled":true,"_links":{"self":[{"href":"https:\/\/lahora.mx\/index.php\/wp-json\/wp\/v2\/posts\/72131","targetHints":{"allow":["GET"]}}],"collection":[{"href":"https:\/\/lahora.mx\/index.php\/wp-json\/wp\/v2\/posts"}],"about":[{"href":"https:\/\/lahora.mx\/index.php\/wp-json\/wp\/v2\/types\/post"}],"author":[{"embeddable":true,"href":"https:\/\/lahora.mx\/index.php\/wp-json\/wp\/v2\/users\/1"}],"replies":[{"embeddable":true,"href":"https:\/\/lahora.mx\/index.php\/wp-json\/wp\/v2\/comments?post=72131"}],"version-history":[{"count":1,"href":"https:\/\/lahora.mx\/index.php\/wp-json\/wp\/v2\/posts\/72131\/revisions"}],"predecessor-version":[{"id":72133,"href":"https:\/\/lahora.mx\/index.php\/wp-json\/wp\/v2\/posts\/72131\/revisions\/72133"}],"wp:featuredmedia":[{"embeddable":true,"href":"https:\/\/lahora.mx\/index.php\/wp-json\/wp\/v2\/media\/72132"}],"wp:attachment":[{"href":"https:\/\/lahora.mx\/index.php\/wp-json\/wp\/v2\/media?parent=72131"}],"wp:term":[{"taxonomy":"category","embeddable":true,"href":"https:\/\/lahora.mx\/index.php\/wp-json\/wp\/v2\/categories?post=72131"},{"taxonomy":"post_tag","embeddable":true,"href":"https:\/\/lahora.mx\/index.php\/wp-json\/wp\/v2\/tags?post=72131"}],"curies":[{"name":"wp","href":"https:\/\/api.w.org\/{rel}","templated":true}]}}