{"id":72125,"date":"2025-11-30T22:00:33","date_gmt":"2025-11-30T22:00:33","guid":{"rendered":"https:\/\/lahora.mx\/?p=72125"},"modified":"2025-11-30T22:00:34","modified_gmt":"2025-11-30T22:00:34","slug":"cerro-la-septima-edicion-del-festival-de-arte-escenico-de-puebla","status":"publish","type":"post","link":"https:\/\/lahora.mx\/index.php\/2025\/11\/30\/cerro-la-septima-edicion-del-festival-de-arte-escenico-de-puebla\/","title":{"rendered":"Cerr\u00f3 la s\u00e9ptima edici\u00f3n del Festival de Arte Esc\u00e9nico de Puebla"},"content":{"rendered":"\n<p>Con conferencias, cortometrajes y gran \u00e9xito concluy\u00f3 la s\u00e9ptima edici\u00f3n del Festival de Arte Esc\u00e9nico, en el marco del aniversario del Circo Ollin, actividad que se llev\u00f3 a cabo en el Teatro de la Ciudad de Puebla.<\/p>\n\n\n\n<p>Es as\u00ed que, para esta edici\u00f3n, el festival retoma la idea de la escena como un patrimonio intangible compartido entre artistas y audiencia.<br>Bajo este concepto, del 27 al 29 de noviembre se llev\u00f3 a cabo un Pasacalles con Zanqueros y Arlequines, acompa\u00f1ado por la Banda Estudiantil \u201cLos Aut\u00e9nticos Soles\u201d, que recorri\u00f3 tres sedes: el Z\u00f3calo de Puebla, el Teatro de la Ciudad y Val\u2019Quirico.<\/p>\n\n\n\n<p>De esta manera, el Instituto Municipal de Arte y Cultura de Puebla (IMACP) llev\u00f3 a cabo la s\u00e9ptima edici\u00f3n del \u201cFestival de Arte Esc\u00e9nico, Circo Oll\u00edn\u201d, una celebraci\u00f3n que reafirma el compromiso institucional con el fomento a la cultura, el impulso al talento local y el acceso incluyente a las artes en el municipio.<\/p>\n\n\n\n<p>Desde el 2019 se ha organizado dicho evento, el cual se ha consolidado como un proyecto ciudadano que ha logrado convertirse en un punto de encuentro para la escena art\u00edstica de Puebla.<\/p>\n\n\n\n<p>Durante dicha trayectoria, ha funcionado como un puente de intercambio cultural local, nacional e internacional, favoreciendo la formaci\u00f3n de nuevos p\u00fablicos, la apropiaci\u00f3n de los espacios comunes y el fortalecimiento del tejido social.<\/p>\n\n\n\n<p>Durante estos hubo actividades de circo, danza, teatro, t\u00edteres, m\u00fasica, pasacalles, talleres, conferencias, de grupos provenientes de M\u00e9xico, Rusia, Colombia, Espa\u00f1a, Estados Unidos, Puebla, Ciudad de M\u00e9xico, Guadalajara y San Luis Potos\u00ed.<\/p>\n","protected":false},"excerpt":{"rendered":"<p>Con conferencias, cortometrajes y gran \u00e9xito concluy\u00f3 la s\u00e9ptima edici\u00f3n del Festival de Arte Esc\u00e9nico, en el marco del aniversario del Circo Ollin, actividad que se llev\u00f3 a cabo en el Teatro de la Ciudad de Puebla. Es as\u00ed que, para esta edici\u00f3n, el festival retoma la idea de la escena como un patrimonio intangible [&hellip;]<\/p>\n","protected":false},"author":1,"featured_media":72126,"comment_status":"open","ping_status":"open","sticky":false,"template":"","format":"standard","meta":{"om_disable_all_campaigns":false,"_monsterinsights_skip_tracking":false,"_monsterinsights_sitenote_active":false,"_monsterinsights_sitenote_note":"","_monsterinsights_sitenote_category":0,"footnotes":""},"categories":[175],"tags":[223],"class_list":["post-72125","post","type-post","status-publish","format-standard","has-post-thumbnail","hentry","category-local","tag-puebla"],"amp_enabled":true,"_links":{"self":[{"href":"https:\/\/lahora.mx\/index.php\/wp-json\/wp\/v2\/posts\/72125","targetHints":{"allow":["GET"]}}],"collection":[{"href":"https:\/\/lahora.mx\/index.php\/wp-json\/wp\/v2\/posts"}],"about":[{"href":"https:\/\/lahora.mx\/index.php\/wp-json\/wp\/v2\/types\/post"}],"author":[{"embeddable":true,"href":"https:\/\/lahora.mx\/index.php\/wp-json\/wp\/v2\/users\/1"}],"replies":[{"embeddable":true,"href":"https:\/\/lahora.mx\/index.php\/wp-json\/wp\/v2\/comments?post=72125"}],"version-history":[{"count":1,"href":"https:\/\/lahora.mx\/index.php\/wp-json\/wp\/v2\/posts\/72125\/revisions"}],"predecessor-version":[{"id":72127,"href":"https:\/\/lahora.mx\/index.php\/wp-json\/wp\/v2\/posts\/72125\/revisions\/72127"}],"wp:featuredmedia":[{"embeddable":true,"href":"https:\/\/lahora.mx\/index.php\/wp-json\/wp\/v2\/media\/72126"}],"wp:attachment":[{"href":"https:\/\/lahora.mx\/index.php\/wp-json\/wp\/v2\/media?parent=72125"}],"wp:term":[{"taxonomy":"category","embeddable":true,"href":"https:\/\/lahora.mx\/index.php\/wp-json\/wp\/v2\/categories?post=72125"},{"taxonomy":"post_tag","embeddable":true,"href":"https:\/\/lahora.mx\/index.php\/wp-json\/wp\/v2\/tags?post=72125"}],"curies":[{"name":"wp","href":"https:\/\/api.w.org\/{rel}","templated":true}]}}