{"id":72111,"date":"2025-11-30T18:42:32","date_gmt":"2025-11-30T18:42:32","guid":{"rendered":"https:\/\/lahora.mx\/?p=72111"},"modified":"2025-11-30T18:42:33","modified_gmt":"2025-11-30T18:42:33","slug":"gobierno-de-puebla-fortalece-igualdad-sustantiva-con-humanismo-y-dignidad","status":"publish","type":"post","link":"https:\/\/lahora.mx\/index.php\/2025\/11\/30\/gobierno-de-puebla-fortalece-igualdad-sustantiva-con-humanismo-y-dignidad\/","title":{"rendered":"Gobierno de Puebla fortalece igualdad sustantiva con humanismo y dignidad"},"content":{"rendered":"\n<p>El Gobierno de Puebla realiz\u00f3 la toma de protesta de las integrantes y los integrantes de las Unidades de Igualdad Sustantiva de la administraci\u00f3n estatal, acto que reafirm\u00f3 el compromiso de consolidar instituciones m\u00e1s justas y sensibles a los derechos humanos. Bajo la conducci\u00f3n de la secretaria de las Mujeres, Yadira Lira, el evento subray\u00f3 que estas unidades representan estructuras indispensables para garantizar justicia, dignidad e igualdad para mujeres, ni\u00f1as y adolescentes, en sinton\u00eda con la visi\u00f3n humanista de la presidenta Claudia Sheinbaum y con la agenda social del gobernador Alejandro Armenta.<\/p>\n\n\n\n<p>Durante la ceremonia, la secretaria destac\u00f3 que las nuevas responsabilidades fortalecen un momento nacional transformador que busca convertir la igualdad sustantiva en una realidad cotidiana. Se\u00f1al\u00f3 que las tareas centrales incluyen transversalidad de g\u00e9nero en cada dependencia, espacios laborales seguros, eliminaci\u00f3n de discriminaci\u00f3n, impulso normativo y construcci\u00f3n de referentes \u00e9ticos que consoliden un Estado m\u00e1s justo y m\u00e1s seguro. Yadira Lira afirm\u00f3 que el gobierno estatal respalda plenamente estos procesos y llam\u00f3 a asumir esta labor con sensibilidad, disciplina y responsabilidad p\u00fablica.<br>La Comisi\u00f3n de Derechos Humanos del Estado, encabezada por Rosa Isela S\u00e1nchez, reconoci\u00f3 la instalaci\u00f3n de estas estructuras y celebr\u00f3 la firma del dec\u00e1logo por la igualdad, un instrumento que refuerza la coordinaci\u00f3n entre instituciones para prevenir violencias, dignificar espacios y colocar los derechos humanos en el centro del servicio p\u00fablico. Subray\u00f3 que el trabajo conjunto entre gobierno, organismos aut\u00f3nomos y sociedad civil permite resultados reales y fortalece una cultura de respeto en beneficio de toda la ciudadan\u00eda.<\/p>\n\n\n\n<p>La subsecretaria de Transversalizaci\u00f3n e Institucionalizaci\u00f3n de la Perspectiva de G\u00e9nero, Gabriela P\u00e9rez Baz\u00e1n resalt\u00f3 que el dec\u00e1logo establece diez compromisos esenciales, entre ellos: igualdad de oportunidades, espacios libres de violencia, cero tolerancia al acoso laboral, mujeres en la toma de decisiones, pol\u00edticas incluyentes y redes de apoyo permanentes. Explic\u00f3 que cada Unidad deber\u00e1 integrar estos principios en sus planes de trabajo 2026 y promover la cartilla de derechos de las mujeres como herramienta comunitaria para garantizar respeto, libertad e igualdad en todas las instituciones.<\/p>\n\n\n\n<p>Durante el acto, las y los titulares de las Unidades de Igualdad Sustantiva asumieron formalmente la responsabilidad de cumplir y hacer cumplir los principios de perspectiva de g\u00e9nero, prevenci\u00f3n de violencia y promoci\u00f3n de derechos humanos. Testimonios de universidades e institutos confirmaron que estas estructuras impulsan acciones de capacitaci\u00f3n, erradicaci\u00f3n de violencia, instalaci\u00f3n de salas de lactancia y fortalecimiento institucional. La ceremonia concluy\u00f3 con la firma simb\u00f3lica del dec\u00e1logo y la fotograf\u00eda oficial, sello del compromiso colectivo para construir un Puebla m\u00e1s igualitario, m\u00e1s seguro y m\u00e1s humano.<\/p>\n\n\n\n<p><\/p>\n","protected":false},"excerpt":{"rendered":"<p>El Gobierno de Puebla realiz\u00f3 la toma de protesta de las integrantes y los integrantes de las Unidades de Igualdad Sustantiva de la administraci\u00f3n estatal, acto que reafirm\u00f3 el compromiso de consolidar instituciones m\u00e1s justas y sensibles a los derechos humanos. Bajo la conducci\u00f3n de la secretaria de las Mujeres, Yadira Lira, el evento subray\u00f3 [&hellip;]<\/p>\n","protected":false},"author":1,"featured_media":72112,"comment_status":"open","ping_status":"open","sticky":false,"template":"","format":"standard","meta":{"om_disable_all_campaigns":false,"_monsterinsights_skip_tracking":false,"_monsterinsights_sitenote_active":false,"_monsterinsights_sitenote_note":"","_monsterinsights_sitenote_category":0,"footnotes":""},"categories":[175],"tags":[239,195,223],"class_list":["post-72111","post","type-post","status-publish","format-standard","has-post-thumbnail","hentry","category-local","tag-gobierno","tag-principal","tag-puebla"],"amp_enabled":true,"_links":{"self":[{"href":"https:\/\/lahora.mx\/index.php\/wp-json\/wp\/v2\/posts\/72111","targetHints":{"allow":["GET"]}}],"collection":[{"href":"https:\/\/lahora.mx\/index.php\/wp-json\/wp\/v2\/posts"}],"about":[{"href":"https:\/\/lahora.mx\/index.php\/wp-json\/wp\/v2\/types\/post"}],"author":[{"embeddable":true,"href":"https:\/\/lahora.mx\/index.php\/wp-json\/wp\/v2\/users\/1"}],"replies":[{"embeddable":true,"href":"https:\/\/lahora.mx\/index.php\/wp-json\/wp\/v2\/comments?post=72111"}],"version-history":[{"count":1,"href":"https:\/\/lahora.mx\/index.php\/wp-json\/wp\/v2\/posts\/72111\/revisions"}],"predecessor-version":[{"id":72113,"href":"https:\/\/lahora.mx\/index.php\/wp-json\/wp\/v2\/posts\/72111\/revisions\/72113"}],"wp:featuredmedia":[{"embeddable":true,"href":"https:\/\/lahora.mx\/index.php\/wp-json\/wp\/v2\/media\/72112"}],"wp:attachment":[{"href":"https:\/\/lahora.mx\/index.php\/wp-json\/wp\/v2\/media?parent=72111"}],"wp:term":[{"taxonomy":"category","embeddable":true,"href":"https:\/\/lahora.mx\/index.php\/wp-json\/wp\/v2\/categories?post=72111"},{"taxonomy":"post_tag","embeddable":true,"href":"https:\/\/lahora.mx\/index.php\/wp-json\/wp\/v2\/tags?post=72111"}],"curies":[{"name":"wp","href":"https:\/\/api.w.org\/{rel}","templated":true}]}}