{"id":7211,"date":"2022-05-20T15:39:41","date_gmt":"2022-05-20T15:39:41","guid":{"rendered":"http:\/\/lahora.mx\/?p=7211"},"modified":"2022-05-20T15:39:44","modified_gmt":"2022-05-20T15:39:44","slug":"que-sea-una-decision-consensada-la-remunicipalizacion-del-agua-coparmex","status":"publish","type":"post","link":"https:\/\/lahora.mx\/index.php\/2022\/05\/20\/que-sea-una-decision-consensada-la-remunicipalizacion-del-agua-coparmex\/","title":{"rendered":"Que sea una decisi\u00f3n consensada la remunicipalizaci\u00f3n del agua: Coparmex"},"content":{"rendered":"\n<p><strong>Representantes de la iniciativa privada en el estado de Puebla se mostraron neutrales ante la posible desprivatizaci\u00f3n del agua<\/strong>&nbsp;en la capital poblana, pues solo buscan un buen servicio y a un precio justo.<\/p>\n\n\n\n<p>Cabe recordar que el mandatario estatal, Miguel\u00a0<strong>Barbosa Huerta abri\u00f3 la posibilidad de quitarle la concesi\u00f3n del servicio a la empresa Agua de Puebla<\/strong>, y regresarle la responsabilidad al gobierno municipal.<br><\/p>\n\n\n\n<p><strong>Sobre esto, Rub\u00e9n Furlong Mart\u00ednez<\/strong>, presidente de la Confederaci\u00f3n Patronal de la Rep\u00fablica Mexicana (Coparmex), dio a conocer que antes de<strong>&nbsp;que el gobierno tome una decisi\u00f3n final sobre la desprivatizaci\u00f3n del agua, es necesario tomar en cuenta la opini\u00f3n de la ciudadan\u00eda&nbsp;<\/strong>y del sector empresarial.<\/p>\n\n\n\n<p>Esto, con el objetivo de\u00a0<strong>dar a conocer las necesidades reales, ofrecer opciones de mejora y as\u00ed encontrar de forma conjunta las alternativas m\u00e1s viables\u00a0<\/strong>para todos los habitantes de la capital.<br>Por su parte,\u00a0<strong>Manuel Dom\u00ednguez Gabi\u00e1n,\u00a0<\/strong>presidente de la Asociaci\u00f3n Poblana de Hoteles y Moteles, dio a conocer que\u00a0<strong>no es relevante a quien le toque administrar el vital l\u00edquido, siempre y cuando ofrezcan un servicio de calidad<\/strong>\u00a0para todos los usuarios, ya sean particulares o empresas.<br><\/p>\n\n\n\n<p>El empresario adelant\u00f3 que&nbsp;<strong>la iniciativa privada no ve afectaciones en el servicio en caso de que la iniciativa de desprivatiza<\/strong>r el agua se apruebe en los pr\u00f3ximos meses, pues ahora el gobierno municipal tendr\u00e1 la obligaci\u00f3n de cumplir con el suministro.<\/p>\n\n\n\n<p>Finalmente,\u00a0<strong>Carlos Azomoza,<\/strong>\u00a0presidente de la C\u00e1mara Nacional de la Industria de Restaurantes y Alimentos Condimentados (Canirac), dijo que\u00a0<strong>no est\u00e1 a favor ni en contra de ninguno<\/strong>\u00a0de los involucrados, pues se\u00f1al\u00f3 que\u00a0<strong>ambos han tenido errores.<\/strong><br>En este sentido, refiri\u00f3 que tanto<strong>\u00a0Agua de Puebla y el municipio realizaron cobros excesivos en el servicio, el l\u00edquido faltaba y no era de buena calidad,\u00a0<\/strong>y ofrec\u00edan una atenci\u00f3n deficiente.<\/p>\n","protected":false},"excerpt":{"rendered":"<p>Representantes de la iniciativa privada en el estado de Puebla se mostraron neutrales ante la posible desprivatizaci\u00f3n del agua&nbsp;en la capital poblana, pues solo buscan un buen servicio y a un precio justo. Cabe recordar que el mandatario estatal, Miguel\u00a0Barbosa Huerta abri\u00f3 la posibilidad de quitarle la concesi\u00f3n del servicio a la empresa Agua de [&hellip;]<\/p>\n","protected":false},"author":4,"featured_media":7212,"comment_status":"open","ping_status":"open","sticky":false,"template":"","format":"standard","meta":{"om_disable_all_campaigns":false,"_monsterinsights_skip_tracking":false,"_monsterinsights_sitenote_active":false,"_monsterinsights_sitenote_note":"","_monsterinsights_sitenote_category":0,"footnotes":""},"categories":[175],"tags":[223],"class_list":["post-7211","post","type-post","status-publish","format-standard","has-post-thumbnail","hentry","category-local","tag-puebla"],"amp_enabled":true,"_links":{"self":[{"href":"https:\/\/lahora.mx\/index.php\/wp-json\/wp\/v2\/posts\/7211","targetHints":{"allow":["GET"]}}],"collection":[{"href":"https:\/\/lahora.mx\/index.php\/wp-json\/wp\/v2\/posts"}],"about":[{"href":"https:\/\/lahora.mx\/index.php\/wp-json\/wp\/v2\/types\/post"}],"author":[{"embeddable":true,"href":"https:\/\/lahora.mx\/index.php\/wp-json\/wp\/v2\/users\/4"}],"replies":[{"embeddable":true,"href":"https:\/\/lahora.mx\/index.php\/wp-json\/wp\/v2\/comments?post=7211"}],"version-history":[{"count":1,"href":"https:\/\/lahora.mx\/index.php\/wp-json\/wp\/v2\/posts\/7211\/revisions"}],"predecessor-version":[{"id":7213,"href":"https:\/\/lahora.mx\/index.php\/wp-json\/wp\/v2\/posts\/7211\/revisions\/7213"}],"wp:featuredmedia":[{"embeddable":true,"href":"https:\/\/lahora.mx\/index.php\/wp-json\/wp\/v2\/media\/7212"}],"wp:attachment":[{"href":"https:\/\/lahora.mx\/index.php\/wp-json\/wp\/v2\/media?parent=7211"}],"wp:term":[{"taxonomy":"category","embeddable":true,"href":"https:\/\/lahora.mx\/index.php\/wp-json\/wp\/v2\/categories?post=7211"},{"taxonomy":"post_tag","embeddable":true,"href":"https:\/\/lahora.mx\/index.php\/wp-json\/wp\/v2\/tags?post=7211"}],"curies":[{"name":"wp","href":"https:\/\/api.w.org\/{rel}","templated":true}]}}