{"id":72099,"date":"2025-11-30T05:46:39","date_gmt":"2025-11-30T05:46:39","guid":{"rendered":"https:\/\/lahora.mx\/?p=72099"},"modified":"2025-11-30T05:46:40","modified_gmt":"2025-11-30T05:46:40","slug":"hijo-de-el-chapo-pacta-culpabilidad-por-narco-en-corte-de-chicago","status":"publish","type":"post","link":"https:\/\/lahora.mx\/index.php\/2025\/11\/30\/hijo-de-el-chapo-pacta-culpabilidad-por-narco-en-corte-de-chicago\/","title":{"rendered":"Hijo de El Chapo pacta culpabilidad por narco en corte de Chicago"},"content":{"rendered":"\n<p><strong>Joaqu\u00edn Guzm\u00e1n L\u00f3pez<\/strong>, \u00b4El G\u00fcero<strong>\u00b4<\/strong>\u00a0e hijo de\u00a0<strong>Joaqu\u00edn \u00b4El Chapo\u00b4 Guzm\u00e1n<\/strong>, se declarar\u00e1 culpable de\u00a0<strong>narcotr\u00e1fico<\/strong>\u00a0ante una\u00a0<strong>corte federal en Estados Unidos.<\/strong><\/p>\n\n\n\n<p>La&nbsp;<a href=\"https:\/\/www.e-consulta.com\/nota\/2025-10-21\/seguridad\/marilyn-n-continuara-en-prision-difieren-su-audiencia\" target=\"_blank\" rel=\"noreferrer noopener\">audiencia<\/a>, programada para el&nbsp;<strong>1 de diciembre de 2025 a las 13:30 horas<\/strong>&nbsp;en el Distrito Norte de Illinois, en Chicago, cambiar\u00e1 su declaraci\u00f3n inicial de&nbsp;<strong>no culpable<\/strong>&nbsp;a una admisi\u00f3n de responsabilidad por al menos uno de los cargos relacionados con el&nbsp;<strong>tr\u00e1fico de drogas<\/strong>.<\/p>\n\n\n\n<p>Este ser\u00eda el segundo hijo de \u00b4El Chapo\u00b4 que se enfrenta a juicio, optando por un\u00a0<strong>acuerdo de cooperaci\u00f3n<\/strong>\u00a0con las autoridades estadounidenses.<\/p>\n\n\n\n<p>Joaqu\u00edn Guzm\u00e1n L\u00f3pez, segundo de los cinco hijos varones de \u00b4El Chapo\u00b4 y miembro de&nbsp;<strong>\u00b4Los Chapitos\u00b4<\/strong>&nbsp;\u2014el bloque familiar que asumi\u00f3 el mando del&nbsp;<strong>C\u00e1rtel de Sinaloa<\/strong>&nbsp;tras la extradici\u00f3n de su padre en 2017\u2014, enfrenta&nbsp;<strong>cinco cargos.<\/strong><\/p>\n\n\n\n<p>Estos incluyen&nbsp;<strong>conspiraci\u00f3n&nbsp;<\/strong>para traficar coca\u00edna, hero\u00edna, metanfetaminas y marihuana; participaci\u00f3n en una empresa criminal continua; lavado de dinero y posesi\u00f3n de armas de fuego.<\/p>\n\n\n\n<p>Las acusaciones abarcan desde 2008 hasta 2021, per\u00edodo en el que<strong>&nbsp;Joaqu\u00edn Guzm\u00e1n L\u00f3pez<\/strong>, junto a sus hermanos&nbsp;<a href=\"https:\/\/www.e-consulta.com\/nota\/2025-09-10\/nacion\/cia-colaboro-con-mexico-en-la-captura-de-ovidio-guzman\" target=\"_blank\" rel=\"noreferrer noopener\">Ovidio Guzm\u00e1n L\u00f3pez<\/a>,<strong>&nbsp;Jes\u00fas Alfredo Guzm\u00e1n Salazar e Iv\u00e1n Archivaldo Guzm\u00e1n Salazar<\/strong>, operaron rutas de narcotr\u00e1fico desde Colombia, Ecuador, Venezuela, Per\u00fa, Panam\u00e1, Costa Rica, Honduras y Guatemala, hacia M\u00e9xico y Estados Unidos.<\/p>\n\n\n\n<p>Seg\u00fan el&nbsp;<strong>Departamento de Justicia de EUA<\/strong>, esta red familiar gener\u00f3 ganancias anuales superiores a los 10 millones de d\u00f3lares para&nbsp;<strong>Joaqu\u00edn Guzm\u00e1n L\u00f3pez<\/strong>, quien hered\u00f3 operaciones de coca\u00edna y marihuana tras el asesinato de su hermano&nbsp;<strong>\u00c9dgar Guzm\u00e1n L\u00f3pez<\/strong>&nbsp;en un enfrentamiento en&nbsp;<strong>Culiac\u00e1n, Sinaloa<\/strong>.<\/p>\n","protected":false},"excerpt":{"rendered":"<p>Joaqu\u00edn Guzm\u00e1n L\u00f3pez, \u00b4El G\u00fcero\u00b4\u00a0e hijo de\u00a0Joaqu\u00edn \u00b4El Chapo\u00b4 Guzm\u00e1n, se declarar\u00e1 culpable de\u00a0narcotr\u00e1fico\u00a0ante una\u00a0corte federal en Estados Unidos. La&nbsp;audiencia, programada para el&nbsp;1 de diciembre de 2025 a las 13:30 horas&nbsp;en el Distrito Norte de Illinois, en Chicago, cambiar\u00e1 su declaraci\u00f3n inicial de&nbsp;no culpable&nbsp;a una admisi\u00f3n de responsabilidad por al menos uno de los cargos [&hellip;]<\/p>\n","protected":false},"author":1,"featured_media":72100,"comment_status":"open","ping_status":"open","sticky":false,"template":"","format":"standard","meta":{"om_disable_all_campaigns":false,"_monsterinsights_skip_tracking":false,"_monsterinsights_sitenote_active":false,"_monsterinsights_sitenote_note":"","_monsterinsights_sitenote_category":0,"footnotes":""},"categories":[183],"tags":[128],"class_list":["post-72099","post","type-post","status-publish","format-standard","has-post-thumbnail","hentry","category-internacional","tag-politics"],"amp_enabled":true,"_links":{"self":[{"href":"https:\/\/lahora.mx\/index.php\/wp-json\/wp\/v2\/posts\/72099","targetHints":{"allow":["GET"]}}],"collection":[{"href":"https:\/\/lahora.mx\/index.php\/wp-json\/wp\/v2\/posts"}],"about":[{"href":"https:\/\/lahora.mx\/index.php\/wp-json\/wp\/v2\/types\/post"}],"author":[{"embeddable":true,"href":"https:\/\/lahora.mx\/index.php\/wp-json\/wp\/v2\/users\/1"}],"replies":[{"embeddable":true,"href":"https:\/\/lahora.mx\/index.php\/wp-json\/wp\/v2\/comments?post=72099"}],"version-history":[{"count":1,"href":"https:\/\/lahora.mx\/index.php\/wp-json\/wp\/v2\/posts\/72099\/revisions"}],"predecessor-version":[{"id":72101,"href":"https:\/\/lahora.mx\/index.php\/wp-json\/wp\/v2\/posts\/72099\/revisions\/72101"}],"wp:featuredmedia":[{"embeddable":true,"href":"https:\/\/lahora.mx\/index.php\/wp-json\/wp\/v2\/media\/72100"}],"wp:attachment":[{"href":"https:\/\/lahora.mx\/index.php\/wp-json\/wp\/v2\/media?parent=72099"}],"wp:term":[{"taxonomy":"category","embeddable":true,"href":"https:\/\/lahora.mx\/index.php\/wp-json\/wp\/v2\/categories?post=72099"},{"taxonomy":"post_tag","embeddable":true,"href":"https:\/\/lahora.mx\/index.php\/wp-json\/wp\/v2\/tags?post=72099"}],"curies":[{"name":"wp","href":"https:\/\/api.w.org\/{rel}","templated":true}]}}