{"id":72063,"date":"2025-11-29T01:20:22","date_gmt":"2025-11-29T01:20:22","guid":{"rendered":"https:\/\/lahora.mx\/?p=72063"},"modified":"2025-11-29T01:20:23","modified_gmt":"2025-11-29T01:20:23","slug":"vascos-exigen-al-rey-de-espana-disculparse-por-la-masacre-en-guernica-del-1937","status":"publish","type":"post","link":"https:\/\/lahora.mx\/index.php\/2025\/11\/29\/vascos-exigen-al-rey-de-espana-disculparse-por-la-masacre-en-guernica-del-1937\/","title":{"rendered":"Vascos exigen al Rey de Espa\u00f1a disculparse por la masacre en Guernica del 1937"},"content":{"rendered":"\n<p>La controversia generada por las exigencias de disculpas por la Conquista de M\u00e9xico volvi\u00f3 a colocarse en el debate p\u00fablico de Espa\u00f1a mientras el Rey Felipe VI enfrentaba un reclamo similar en el Pa\u00eds Vasco, ya que representantes del nacionalismo vasco le exigieron disculparse por la infame masacre en Guernica del 1937.<\/p>\n\n\n\n<p>Indicaron que esto se da debido a que el monarca t\u00e9cnicamente es el heredero institucional del r\u00e9gimen franquista, responsable de la devastaci\u00f3n sufrida por la localidad durante la Guerra Civil Espa\u00f1ola. Cabe se\u00f1alar que el actual presidente de Alemania, Frank-Walter Steinmeier, ya ofreci\u00f3 disculpas por esto.<br><br>La masacre en Guernica del 1937 es conocida por ser una de las m\u00e1s violentas en la historia de la Europa moderna, ya que fue cuando una legi\u00f3n de aviadores de Alemania e Italia, bajo petici\u00f3n del fascista espa\u00f1ol Francisco Franco, lanzaron un bombardeo sobre esta regi\u00f3n que dejo como saldo a 1,600 civiles muertos.<\/p>\n\n\n\n<p>Debido a la visita de Steinmeier en la regi\u00f3n, acompa\u00f1ado por el rey, el Partido Nacionalista Vasco aprovecho para exigir un acto de perd\u00f3n por parte del monarca. Sus dirigentes recordaron que la jefatura del Estado espa\u00f1ol proviene de una transici\u00f3n en la que la monarqu\u00eda fue reinstalada por decisi\u00f3n del franquismo.<\/p>\n\n\n\n<p>Durante las protestas realizadas en la localidad, los convocantes reiteraron que la responsabilidad hist\u00f3rica del franquismo no puede desvincularse de la actual jefatura del Estado. Por ello afirmaron que Felipe VI \u201cno es bienvenido\u201d mientras mantenga su rechazo a ofrecer una disculpa formal por incidentes como este.<\/p>\n","protected":false},"excerpt":{"rendered":"<p>La controversia generada por las exigencias de disculpas por la Conquista de M\u00e9xico volvi\u00f3 a colocarse en el debate p\u00fablico de Espa\u00f1a mientras el Rey Felipe VI enfrentaba un reclamo similar en el Pa\u00eds Vasco, ya que representantes del nacionalismo vasco le exigieron disculparse por la infame masacre en Guernica del 1937. Indicaron que esto [&hellip;]<\/p>\n","protected":false},"author":1,"featured_media":72064,"comment_status":"open","ping_status":"open","sticky":false,"template":"","format":"standard","meta":{"om_disable_all_campaigns":false,"_monsterinsights_skip_tracking":false,"_monsterinsights_sitenote_active":false,"_monsterinsights_sitenote_note":"","_monsterinsights_sitenote_category":0,"footnotes":""},"categories":[183],"tags":[],"class_list":["post-72063","post","type-post","status-publish","format-standard","has-post-thumbnail","hentry","category-internacional"],"amp_enabled":true,"_links":{"self":[{"href":"https:\/\/lahora.mx\/index.php\/wp-json\/wp\/v2\/posts\/72063","targetHints":{"allow":["GET"]}}],"collection":[{"href":"https:\/\/lahora.mx\/index.php\/wp-json\/wp\/v2\/posts"}],"about":[{"href":"https:\/\/lahora.mx\/index.php\/wp-json\/wp\/v2\/types\/post"}],"author":[{"embeddable":true,"href":"https:\/\/lahora.mx\/index.php\/wp-json\/wp\/v2\/users\/1"}],"replies":[{"embeddable":true,"href":"https:\/\/lahora.mx\/index.php\/wp-json\/wp\/v2\/comments?post=72063"}],"version-history":[{"count":1,"href":"https:\/\/lahora.mx\/index.php\/wp-json\/wp\/v2\/posts\/72063\/revisions"}],"predecessor-version":[{"id":72065,"href":"https:\/\/lahora.mx\/index.php\/wp-json\/wp\/v2\/posts\/72063\/revisions\/72065"}],"wp:featuredmedia":[{"embeddable":true,"href":"https:\/\/lahora.mx\/index.php\/wp-json\/wp\/v2\/media\/72064"}],"wp:attachment":[{"href":"https:\/\/lahora.mx\/index.php\/wp-json\/wp\/v2\/media?parent=72063"}],"wp:term":[{"taxonomy":"category","embeddable":true,"href":"https:\/\/lahora.mx\/index.php\/wp-json\/wp\/v2\/categories?post=72063"},{"taxonomy":"post_tag","embeddable":true,"href":"https:\/\/lahora.mx\/index.php\/wp-json\/wp\/v2\/tags?post=72063"}],"curies":[{"name":"wp","href":"https:\/\/api.w.org\/{rel}","templated":true}]}}