{"id":72039,"date":"2025-11-28T16:39:36","date_gmt":"2025-11-28T16:39:36","guid":{"rendered":"https:\/\/lahora.mx\/?p=72039"},"modified":"2025-11-28T16:39:37","modified_gmt":"2025-11-28T16:39:37","slug":"puebla-fortalece-educacion-digital-con-79-mil-becas-de-conectividad-en-2025","status":"publish","type":"post","link":"https:\/\/lahora.mx\/index.php\/2025\/11\/28\/puebla-fortalece-educacion-digital-con-79-mil-becas-de-conectividad-en-2025\/","title":{"rendered":"Puebla fortalece educaci\u00f3n digital con 79 mil Becas de Conectividad en 2025"},"content":{"rendered":"\n<p>El gobernador Alejandro Armenta encabez\u00f3 en el Centro Escolar Gustavo D\u00edaz Ordaz una nueva entrega del programa \u201cBecas de Conectividad para el Bienestar Por Amor a Puebla\u201d, iniciativa que refuerza el acceso de las y los estudiantes a herramientas digitales indispensables para su formaci\u00f3n acad\u00e9mica. El mandatario destac\u00f3 que este apoyo responde a la visi\u00f3n humanista de la presidenta Claudia Sheinbaum, orientada a garantizar desarrollo educativo, bienestar y comunicaci\u00f3n segura entre familias y estudiantes.<\/p>\n\n\n\n<p>Durante el evento, la Marching Band del plantel ofreci\u00f3 un ambiente festivo que acompa\u00f1\u00f3 la entrega de becas, dise\u00f1adas para que alumnas y alumnos cuenten con datos m\u00f3viles, acceso a bibliotecas digitales y conectividad continua para realizar tareas, investigaciones y mantenerse comunicados. El mandatario subray\u00f3 que esta pol\u00edtica fortalece la confianza de madres y padres al saber que sus hijos se mantienen localizables mientras estudian.<br>La secretaria de Deporte y Juventud, Gaby \u201cLa Bonita\u201d S\u00e1nchez, resalt\u00f3 que las y los j\u00f3venes requieren herramientas tecnol\u00f3gicas que les permitan acceder a conocimiento actualizado y plataformas educativas. A\u00f1adi\u00f3 que la conectividad se vuelve un elemento esencial para su desarrollo acad\u00e9mico y social.<\/p>\n\n\n\n<p>El presidente municipal de Puebla, Pepe Chedraui, reconoci\u00f3 el trabajo coordinado entre los distintos \u00f3rdenes de gobierno para consolidar entornos educativos m\u00e1s seguros, modernos y preparados para los retos actuales. Afirm\u00f3 que la educaci\u00f3n se fortalece cuando se brindan condiciones equitativas para ni\u00f1as, ni\u00f1os y j\u00f3venes.<\/p>\n\n\n\n<p>Por su parte, el delegado federal de Programas para el Desarrollo, Rodrigo Abdala, explic\u00f3 que esta beca complementa la pol\u00edtica educativa nacional, ya que impulsa la comunicaci\u00f3n familiar y facilita que las y los estudiantes aprovechen al m\u00e1ximo sus oportunidades de aprendizaje.<\/p>\n\n\n\n<p>Estudiantes como Isabel Mariana coincidieron en que la beca representa un apoyo real, especialmente en escuelas donde no se cuenta con internet suficiente. Destacaron que la conectividad mejora sus posibilidades de investigaci\u00f3n, estudio y comunicaci\u00f3n cotidiana, y solicitaron que este beneficio contin\u00fae llegando a quienes m\u00e1s lo necesitan.<\/p>\n","protected":false},"excerpt":{"rendered":"<p>El gobernador Alejandro Armenta encabez\u00f3 en el Centro Escolar Gustavo D\u00edaz Ordaz una nueva entrega del programa \u201cBecas de Conectividad para el Bienestar Por Amor a Puebla\u201d, iniciativa que refuerza el acceso de las y los estudiantes a herramientas digitales indispensables para su formaci\u00f3n acad\u00e9mica. El mandatario destac\u00f3 que este apoyo responde a la visi\u00f3n [&hellip;]<\/p>\n","protected":false},"author":1,"featured_media":72040,"comment_status":"open","ping_status":"open","sticky":false,"template":"","format":"standard","meta":{"om_disable_all_campaigns":false,"_monsterinsights_skip_tracking":false,"_monsterinsights_sitenote_active":false,"_monsterinsights_sitenote_note":"","_monsterinsights_sitenote_category":0,"footnotes":""},"categories":[175],"tags":[239,195,223],"class_list":["post-72039","post","type-post","status-publish","format-standard","has-post-thumbnail","hentry","category-local","tag-gobierno","tag-principal","tag-puebla"],"amp_enabled":true,"_links":{"self":[{"href":"https:\/\/lahora.mx\/index.php\/wp-json\/wp\/v2\/posts\/72039","targetHints":{"allow":["GET"]}}],"collection":[{"href":"https:\/\/lahora.mx\/index.php\/wp-json\/wp\/v2\/posts"}],"about":[{"href":"https:\/\/lahora.mx\/index.php\/wp-json\/wp\/v2\/types\/post"}],"author":[{"embeddable":true,"href":"https:\/\/lahora.mx\/index.php\/wp-json\/wp\/v2\/users\/1"}],"replies":[{"embeddable":true,"href":"https:\/\/lahora.mx\/index.php\/wp-json\/wp\/v2\/comments?post=72039"}],"version-history":[{"count":1,"href":"https:\/\/lahora.mx\/index.php\/wp-json\/wp\/v2\/posts\/72039\/revisions"}],"predecessor-version":[{"id":72041,"href":"https:\/\/lahora.mx\/index.php\/wp-json\/wp\/v2\/posts\/72039\/revisions\/72041"}],"wp:featuredmedia":[{"embeddable":true,"href":"https:\/\/lahora.mx\/index.php\/wp-json\/wp\/v2\/media\/72040"}],"wp:attachment":[{"href":"https:\/\/lahora.mx\/index.php\/wp-json\/wp\/v2\/media?parent=72039"}],"wp:term":[{"taxonomy":"category","embeddable":true,"href":"https:\/\/lahora.mx\/index.php\/wp-json\/wp\/v2\/categories?post=72039"},{"taxonomy":"post_tag","embeddable":true,"href":"https:\/\/lahora.mx\/index.php\/wp-json\/wp\/v2\/tags?post=72039"}],"curies":[{"name":"wp","href":"https:\/\/api.w.org\/{rel}","templated":true}]}}