{"id":72017,"date":"2025-11-28T02:29:51","date_gmt":"2025-11-28T02:29:51","guid":{"rendered":"https:\/\/lahora.mx\/?p=72017"},"modified":"2025-11-28T02:29:52","modified_gmt":"2025-11-28T02:29:52","slug":"armenta-envia-al-congreso-un-paquete-de-reformas-para-instaurar-el-mando-unico-policial","status":"publish","type":"post","link":"https:\/\/lahora.mx\/index.php\/2025\/11\/28\/armenta-envia-al-congreso-un-paquete-de-reformas-para-instaurar-el-mando-unico-policial\/","title":{"rendered":"Armenta env\u00eda al Congreso un paquete de reformas para instaurar el mando \u00fanico policial"},"content":{"rendered":"\n<p>El gobernador Alejandro Armenta present\u00f3 al Congreso del Estado un conjunto de tres iniciativas con las que busca transformar el modelo de seguridad p\u00fablica en Puebla e institucionalizar el mando \u00fanico policial. El paquete legislativo \u2014recibido durante la sesi\u00f3n ordinaria de este mi\u00e9rcoles\u2014 incluye una reforma constitucional, una nueva Ley de Seguridad P\u00fablica del Estado y la creaci\u00f3n de fiscal\u00edas especializadas dentro de la Fiscal\u00eda General del Estado (FGE).<\/p>\n\n\n\n<p>La reforma plantea modificar el art\u00edculo 117 de la Constituci\u00f3n local para establecer un sistema de seguridad basado en la coordinaci\u00f3n interinstitucional, la profesionalizaci\u00f3n de las corporaciones y la participaci\u00f3n ciudadana, teniendo como eje central el mando \u00fanico. La nueva Ley de Seguridad P\u00fablica propuesta busca alinear a Puebla con la Ley General del Sistema Nacional de Seguridad P\u00fablica y la Estrategia Nacional 2024\u20132030.<br>Como parte del fortalecimiento institucional, Armenta propone la creaci\u00f3n de dos fiscal\u00edas especializadas dentro de la FGE:<\/p>\n\n\n\n<p>Fiscal\u00eda Especializada en Delitos de Alto Impacto<\/p>\n\n\n\n<p>Fiscal\u00eda Especializada en Delitos de Operaciones con Recursos de Procedencia Il\u00edcita, Fiscales y Relacionados<\/p>\n\n\n\n<p>El gobernador sostiene que estas acciones permitir\u00e1n mejorar la capacidad del estado para atender delitos complejos y consolidar un modelo de seguridad homologado y m\u00e1s eficiente.<\/p>\n","protected":false},"excerpt":{"rendered":"<p>El gobernador Alejandro Armenta present\u00f3 al Congreso del Estado un conjunto de tres iniciativas con las que busca transformar el modelo de seguridad p\u00fablica en Puebla e institucionalizar el mando \u00fanico policial. El paquete legislativo \u2014recibido durante la sesi\u00f3n ordinaria de este mi\u00e9rcoles\u2014 incluye una reforma constitucional, una nueva Ley de Seguridad P\u00fablica del Estado [&hellip;]<\/p>\n","protected":false},"author":1,"featured_media":72018,"comment_status":"open","ping_status":"open","sticky":false,"template":"","format":"standard","meta":{"om_disable_all_campaigns":false,"_monsterinsights_skip_tracking":false,"_monsterinsights_sitenote_active":false,"_monsterinsights_sitenote_note":"","_monsterinsights_sitenote_category":0,"footnotes":""},"categories":[175],"tags":[239,223],"class_list":["post-72017","post","type-post","status-publish","format-standard","has-post-thumbnail","hentry","category-local","tag-gobierno","tag-puebla"],"amp_enabled":true,"_links":{"self":[{"href":"https:\/\/lahora.mx\/index.php\/wp-json\/wp\/v2\/posts\/72017","targetHints":{"allow":["GET"]}}],"collection":[{"href":"https:\/\/lahora.mx\/index.php\/wp-json\/wp\/v2\/posts"}],"about":[{"href":"https:\/\/lahora.mx\/index.php\/wp-json\/wp\/v2\/types\/post"}],"author":[{"embeddable":true,"href":"https:\/\/lahora.mx\/index.php\/wp-json\/wp\/v2\/users\/1"}],"replies":[{"embeddable":true,"href":"https:\/\/lahora.mx\/index.php\/wp-json\/wp\/v2\/comments?post=72017"}],"version-history":[{"count":1,"href":"https:\/\/lahora.mx\/index.php\/wp-json\/wp\/v2\/posts\/72017\/revisions"}],"predecessor-version":[{"id":72019,"href":"https:\/\/lahora.mx\/index.php\/wp-json\/wp\/v2\/posts\/72017\/revisions\/72019"}],"wp:featuredmedia":[{"embeddable":true,"href":"https:\/\/lahora.mx\/index.php\/wp-json\/wp\/v2\/media\/72018"}],"wp:attachment":[{"href":"https:\/\/lahora.mx\/index.php\/wp-json\/wp\/v2\/media?parent=72017"}],"wp:term":[{"taxonomy":"category","embeddable":true,"href":"https:\/\/lahora.mx\/index.php\/wp-json\/wp\/v2\/categories?post=72017"},{"taxonomy":"post_tag","embeddable":true,"href":"https:\/\/lahora.mx\/index.php\/wp-json\/wp\/v2\/tags?post=72017"}],"curies":[{"name":"wp","href":"https:\/\/api.w.org\/{rel}","templated":true}]}}