{"id":72010,"date":"2025-11-27T20:49:08","date_gmt":"2025-11-27T20:49:08","guid":{"rendered":"https:\/\/lahora.mx\/?p=72010"},"modified":"2025-11-27T23:01:02","modified_gmt":"2025-11-27T23:01:02","slug":"cinco-empresas-compiten-por-construir-el-cablebus-en-puebla","status":"publish","type":"post","link":"https:\/\/lahora.mx\/index.php\/2025\/11\/27\/cinco-empresas-compiten-por-construir-el-cablebus-en-puebla\/","title":{"rendered":"Cinco empresas compiten por construir el Cableb\u00fas en Puebla"},"content":{"rendered":"\n<p>Son cinco las empresas que compiten por la construcci\u00f3n del sistema de transporte por cable en el estado de Puebla, del cual, las obras dar\u00e1n inicio antes del primer informe de labores del gobernador Alejandro Armenta Mier.<\/p>\n\n\n\n<p>De acuerdo al coordinador de gabinete estatal, Jos\u00e9 Luis Garc\u00eda Parra, en una primera etapa de la licitaci\u00f3n p\u00fablica que fue lanzada en este mes de noviembre, se registraron seis corporaciones, pero una no pas\u00f3 a la siguiente etapa.<br>Ante las especulaciones de que hab\u00eda una de ellas la que supuestamente ten\u00eda m\u00e1s apoyo, se\u00f1al\u00f3 que no existe favoritismo para ninguna de ellas, sino que buscan su cumplimiento con las bases de la Secretar\u00eda de Planeaci\u00f3n, Finanzas y Administraci\u00f3n (SPFA).<\/p>\n\n\n\n<p>Argument\u00f3 que en proceso p\u00fablico nacional y transparente, por lo que la ganadora se dar\u00e1 a conocer este viernes 27 de octubre, y a partir de esto, se iniciar\u00e1 con los trabajos de la primera etapa del proyecto.<\/p>\n\n\n\n<p>Para la colocaci\u00f3n de la primera piedra, se\u00f1al\u00f3 que se tendr\u00e1 que armar una estrategia que permita a la ciudadan\u00eda conocer todos los detalles del plan integral por parte del gobernador Alejandro Armenta Mier.<\/p>\n\n\n\n<p>Tendr\u00e1 cobro con tarjeta y sin compatibilidad<\/p>\n\n\n\n<p>Garc\u00eda Parra tambi\u00e9n adelant\u00f3 que el Cableb\u00fas contar\u00e1 con cobro a trav\u00e9s de tarjeta, el cual podr\u00e1 ser \u00fanico para ocupar las cuatro l\u00edneas, en caso de que los usuarios ocupen transbordar.<\/p>\n\n\n\n<p>Sin embargo, este mismo no contar\u00e1 con compatibilidad en los paraderos de la Red Urbana de Transporte Articulado (RUTA) de Puebla, al ser sistemas de colectivo totalmente diferente.<\/p>\n\n\n\n<p>Previamente, el funcionario estatal revel\u00f3 que el costo ser\u00e1 de 10 a 12 pesos por persona y las estaciones se instalar\u00e1n en diversos puntos de la zona metropolitana, teniendo en cuenta los primeros que ser\u00e1n los siguientes:<\/p>\n\n\n\n<p>-Huexotitla y Bulevar 5 de Mayo<br>-11 Sur (donde antes estaba Megacable)<br>-Atr\u00e1s del Centro Integral de Servicios (CIS)<br>Tambi\u00e9n se dio a conocer que los horarios en los que brindar\u00e1 servicio son a partir de las 5 de la ma\u00f1ana hasta la 1 de la madrugada, por lo que estar\u00e1 m\u00e1s activo que otros medios.<\/p>\n","protected":false},"excerpt":{"rendered":"<p>Son cinco las empresas que compiten por la construcci\u00f3n del sistema de transporte por cable en el estado de Puebla, del cual, las obras dar\u00e1n inicio antes del primer informe de labores del gobernador Alejandro Armenta Mier. De acuerdo al coordinador de gabinete estatal, Jos\u00e9 Luis Garc\u00eda Parra, en una primera etapa de la licitaci\u00f3n [&hellip;]<\/p>\n","protected":false},"author":1,"featured_media":72011,"comment_status":"open","ping_status":"open","sticky":false,"template":"","format":"standard","meta":{"om_disable_all_campaigns":false,"_monsterinsights_skip_tracking":false,"_monsterinsights_sitenote_active":false,"_monsterinsights_sitenote_note":"","_monsterinsights_sitenote_category":0,"footnotes":""},"categories":[175],"tags":[223],"class_list":["post-72010","post","type-post","status-publish","format-standard","has-post-thumbnail","hentry","category-local","tag-puebla"],"amp_enabled":true,"_links":{"self":[{"href":"https:\/\/lahora.mx\/index.php\/wp-json\/wp\/v2\/posts\/72010","targetHints":{"allow":["GET"]}}],"collection":[{"href":"https:\/\/lahora.mx\/index.php\/wp-json\/wp\/v2\/posts"}],"about":[{"href":"https:\/\/lahora.mx\/index.php\/wp-json\/wp\/v2\/types\/post"}],"author":[{"embeddable":true,"href":"https:\/\/lahora.mx\/index.php\/wp-json\/wp\/v2\/users\/1"}],"replies":[{"embeddable":true,"href":"https:\/\/lahora.mx\/index.php\/wp-json\/wp\/v2\/comments?post=72010"}],"version-history":[{"count":1,"href":"https:\/\/lahora.mx\/index.php\/wp-json\/wp\/v2\/posts\/72010\/revisions"}],"predecessor-version":[{"id":72012,"href":"https:\/\/lahora.mx\/index.php\/wp-json\/wp\/v2\/posts\/72010\/revisions\/72012"}],"wp:featuredmedia":[{"embeddable":true,"href":"https:\/\/lahora.mx\/index.php\/wp-json\/wp\/v2\/media\/72011"}],"wp:attachment":[{"href":"https:\/\/lahora.mx\/index.php\/wp-json\/wp\/v2\/media?parent=72010"}],"wp:term":[{"taxonomy":"category","embeddable":true,"href":"https:\/\/lahora.mx\/index.php\/wp-json\/wp\/v2\/categories?post=72010"},{"taxonomy":"post_tag","embeddable":true,"href":"https:\/\/lahora.mx\/index.php\/wp-json\/wp\/v2\/tags?post=72010"}],"curies":[{"name":"wp","href":"https:\/\/api.w.org\/{rel}","templated":true}]}}