{"id":71997,"date":"2025-11-27T19:45:00","date_gmt":"2025-11-27T19:45:00","guid":{"rendered":"https:\/\/lahora.mx\/?p=71997"},"modified":"2025-11-27T19:45:01","modified_gmt":"2025-11-27T19:45:01","slug":"sancionaran-automovilistas-con-placas-foraneas-en-puebla-para-2026","status":"publish","type":"post","link":"https:\/\/lahora.mx\/index.php\/2025\/11\/27\/sancionaran-automovilistas-con-placas-foraneas-en-puebla-para-2026\/","title":{"rendered":"Sancionar\u00e1n automovilistas con placas for\u00e1neas en Puebla para 2026"},"content":{"rendered":"\n<p>La administraci\u00f3n estatal de Puebla llevar\u00e1 a cabo operativos el pr\u00f3ximo 2026, con el objetivo de sancionar a los veh\u00edculos que, a pesar de tener su domicilio fiscal y circulaci\u00f3n habitual en la entidad, porten placas de otros estados.<\/p>\n\n\n\n<p>La medida fue anunciada por el coordinador general de Gabinete, Jos\u00e9 Luis Garc\u00eda Parra, quien argument\u00f3 que esta pr\u00e1ctica evade el pago de derechos y el cumplimiento de las obligaciones vehiculares locales.<br>Advirti\u00f3 que la pol\u00edtica de la administraci\u00f3n estatal busca el orden y equidad en el padr\u00f3n vehicular, afectando principalmente a aquellos propietarios que residen de manera permanente en Puebla, pero mantienen el registro de sus autos en entidades vecinas o con menor costo de control vehicular.<\/p>\n\n\n\n<p>\u00abA partir de ahora, todos aquellos veh\u00edculos que circulen permanentemente en el estado de Puebla, pero que tengan placas for\u00e1neas, van a ser multados. Estamos buscando que haya piso parejo y que se cumpla con la ley\u00bb, sentenci\u00f3.<\/p>\n\n\n\n<p>La acci\u00f3n se centra en la presunci\u00f3n de evasi\u00f3n fiscal, buscando recuperar los derechos vehiculares; adem\u00e1s, se argumenta que el registro for\u00e1neo complica la identificaci\u00f3n y localizaci\u00f3n de los veh\u00edculos involucrados en hechos delictivos o accidentes.<\/p>\n\n\n\n<p>El funcionario estatal no especific\u00f3 el monto de las multas ni la fecha exacta de inicio de los operativos. Sin embargo, indic\u00f3 que la Secretar\u00eda de Seguridad P\u00fablica (SSP) y otras dependencias de control vehicular ser\u00e1n las encargadas de la ejecuci\u00f3n de esta nueva normativa.<\/p>\n\n\n\n<p>Lo anterior, tambi\u00e9n habr\u00eda sido advertido por Silvia Tan\u00fas Osorio, titular de la Secretar\u00eda de Movilidad y Transporte (SMT) a principios del 2025, a fin de preservar la seguridad vial tanto de conductores como de peatones.<\/p>\n","protected":false},"excerpt":{"rendered":"<p>La administraci\u00f3n estatal de Puebla llevar\u00e1 a cabo operativos el pr\u00f3ximo 2026, con el objetivo de sancionar a los veh\u00edculos que, a pesar de tener su domicilio fiscal y circulaci\u00f3n habitual en la entidad, porten placas de otros estados. La medida fue anunciada por el coordinador general de Gabinete, Jos\u00e9 Luis Garc\u00eda Parra, quien argument\u00f3 [&hellip;]<\/p>\n","protected":false},"author":1,"featured_media":71998,"comment_status":"open","ping_status":"open","sticky":false,"template":"","format":"standard","meta":{"om_disable_all_campaigns":false,"_monsterinsights_skip_tracking":false,"_monsterinsights_sitenote_active":false,"_monsterinsights_sitenote_note":"","_monsterinsights_sitenote_category":0,"footnotes":""},"categories":[175],"tags":[239,195,223],"class_list":["post-71997","post","type-post","status-publish","format-standard","has-post-thumbnail","hentry","category-local","tag-gobierno","tag-principal","tag-puebla"],"amp_enabled":true,"_links":{"self":[{"href":"https:\/\/lahora.mx\/index.php\/wp-json\/wp\/v2\/posts\/71997","targetHints":{"allow":["GET"]}}],"collection":[{"href":"https:\/\/lahora.mx\/index.php\/wp-json\/wp\/v2\/posts"}],"about":[{"href":"https:\/\/lahora.mx\/index.php\/wp-json\/wp\/v2\/types\/post"}],"author":[{"embeddable":true,"href":"https:\/\/lahora.mx\/index.php\/wp-json\/wp\/v2\/users\/1"}],"replies":[{"embeddable":true,"href":"https:\/\/lahora.mx\/index.php\/wp-json\/wp\/v2\/comments?post=71997"}],"version-history":[{"count":1,"href":"https:\/\/lahora.mx\/index.php\/wp-json\/wp\/v2\/posts\/71997\/revisions"}],"predecessor-version":[{"id":71999,"href":"https:\/\/lahora.mx\/index.php\/wp-json\/wp\/v2\/posts\/71997\/revisions\/71999"}],"wp:featuredmedia":[{"embeddable":true,"href":"https:\/\/lahora.mx\/index.php\/wp-json\/wp\/v2\/media\/71998"}],"wp:attachment":[{"href":"https:\/\/lahora.mx\/index.php\/wp-json\/wp\/v2\/media?parent=71997"}],"wp:term":[{"taxonomy":"category","embeddable":true,"href":"https:\/\/lahora.mx\/index.php\/wp-json\/wp\/v2\/categories?post=71997"},{"taxonomy":"post_tag","embeddable":true,"href":"https:\/\/lahora.mx\/index.php\/wp-json\/wp\/v2\/tags?post=71997"}],"curies":[{"name":"wp","href":"https:\/\/api.w.org\/{rel}","templated":true}]}}