{"id":71994,"date":"2025-11-27T19:43:00","date_gmt":"2025-11-27T19:43:00","guid":{"rendered":"https:\/\/lahora.mx\/?p=71994"},"modified":"2025-11-27T19:43:01","modified_gmt":"2025-11-27T19:43:01","slug":"tras-robo-a-la-cruz-roja-de-atlixco-su-capacidad-de-respuesta-ha-mostrado-fallas","status":"publish","type":"post","link":"https:\/\/lahora.mx\/index.php\/2025\/11\/27\/tras-robo-a-la-cruz-roja-de-atlixco-su-capacidad-de-respuesta-ha-mostrado-fallas\/","title":{"rendered":"Tras robo a la Cruz Roja de Atlixco, su capacidad de respuesta ha mostrado fallas"},"content":{"rendered":"\n<p>A trav\u00e9s de un comunicado emitido en redes la delegaci\u00f3n de la Cruz Roja en Atlixco dio a conocer que, tras el robo de equipo m\u00e9dico registrado hace unos d\u00edas en sus instalaciones, las operaciones de esta organizaci\u00f3n se han visto afectadas, principalmente su capacidad de respuesta a emergencias.<\/p>\n\n\n\n<p>Por medio de este documento recordaron que los servicios que ofrecen, en la calle 4 Oriente del centro de Atlixco, son gratuitos y los param\u00e9dicos no reciben ning\u00fan pago, por lo cual la p\u00e9rdida de este equipo resulta bastante preocupante ya que afecta la atenci\u00f3n diaria de pacientes, sobre todo en casos de emergencias.<br>Si bien expresaron que les es urgente conseguir el material robado, o adquirir nuevo equipo a trav\u00e9s de donaciones, reafirmaron su compromiso con ayudar a la ciudadan\u00eda, destacando que conf\u00edan en que pese a todo ello seguir\u00e1n contando con el respaldo de los atlixquenses ante un momento tan dif\u00edcil como este.<\/p>\n\n\n\n<p>Indicaron tambi\u00e9n que la instituci\u00f3n conf\u00eda en que las autoridades competentes contin\u00faen el proceso correspondiente, ya que recientemente se detuvo a dos de los presuntos ladrones, quienes ya se encuentran a disposici\u00f3n de las autoridades tras llevarse computadoras, un tanque de ox\u00edgeno, as\u00ed como medicamentos.<\/p>\n","protected":false},"excerpt":{"rendered":"<p>A trav\u00e9s de un comunicado emitido en redes la delegaci\u00f3n de la Cruz Roja en Atlixco dio a conocer que, tras el robo de equipo m\u00e9dico registrado hace unos d\u00edas en sus instalaciones, las operaciones de esta organizaci\u00f3n se han visto afectadas, principalmente su capacidad de respuesta a emergencias. Por medio de este documento recordaron [&hellip;]<\/p>\n","protected":false},"author":1,"featured_media":71995,"comment_status":"open","ping_status":"open","sticky":false,"template":"","format":"standard","meta":{"om_disable_all_campaigns":false,"_monsterinsights_skip_tracking":false,"_monsterinsights_sitenote_active":false,"_monsterinsights_sitenote_note":"","_monsterinsights_sitenote_category":0,"footnotes":""},"categories":[175],"tags":[],"class_list":["post-71994","post","type-post","status-publish","format-standard","has-post-thumbnail","hentry","category-local"],"amp_enabled":true,"_links":{"self":[{"href":"https:\/\/lahora.mx\/index.php\/wp-json\/wp\/v2\/posts\/71994","targetHints":{"allow":["GET"]}}],"collection":[{"href":"https:\/\/lahora.mx\/index.php\/wp-json\/wp\/v2\/posts"}],"about":[{"href":"https:\/\/lahora.mx\/index.php\/wp-json\/wp\/v2\/types\/post"}],"author":[{"embeddable":true,"href":"https:\/\/lahora.mx\/index.php\/wp-json\/wp\/v2\/users\/1"}],"replies":[{"embeddable":true,"href":"https:\/\/lahora.mx\/index.php\/wp-json\/wp\/v2\/comments?post=71994"}],"version-history":[{"count":1,"href":"https:\/\/lahora.mx\/index.php\/wp-json\/wp\/v2\/posts\/71994\/revisions"}],"predecessor-version":[{"id":71996,"href":"https:\/\/lahora.mx\/index.php\/wp-json\/wp\/v2\/posts\/71994\/revisions\/71996"}],"wp:featuredmedia":[{"embeddable":true,"href":"https:\/\/lahora.mx\/index.php\/wp-json\/wp\/v2\/media\/71995"}],"wp:attachment":[{"href":"https:\/\/lahora.mx\/index.php\/wp-json\/wp\/v2\/media?parent=71994"}],"wp:term":[{"taxonomy":"category","embeddable":true,"href":"https:\/\/lahora.mx\/index.php\/wp-json\/wp\/v2\/categories?post=71994"},{"taxonomy":"post_tag","embeddable":true,"href":"https:\/\/lahora.mx\/index.php\/wp-json\/wp\/v2\/tags?post=71994"}],"curies":[{"name":"wp","href":"https:\/\/api.w.org\/{rel}","templated":true}]}}