{"id":71979,"date":"2025-11-27T19:24:17","date_gmt":"2025-11-27T19:24:17","guid":{"rendered":"https:\/\/lahora.mx\/?p=71979"},"modified":"2025-11-27T19:24:18","modified_gmt":"2025-11-27T19:24:18","slug":"el-tato-autor-intelectual-del-ataque-al-bar-lacoss-fge","status":"publish","type":"post","link":"https:\/\/lahora.mx\/index.php\/2025\/11\/27\/el-tato-autor-intelectual-del-ataque-al-bar-lacoss-fge\/","title":{"rendered":"El Tato, autor intelectual del ataque al Bar Lacoss: FGE"},"content":{"rendered":"\n<p>Gabriel N., alias \u201cEl Tato\u201d, es investigado por la Fiscal\u00eda General del Estado (FGE) de Puebla como el autor intelectual del ataque cometido al Bar Lacoss, del que todav\u00eda hay seis personas hospitalizadas y algunas en estado grave.<\/p>\n\n\n\n<p>La titular del organismo, Idamis Pastor Betancourt, inform\u00f3 que en rueda de prensa, que su detenci\u00f3n se hizo en la colonia 10 de Mayo cuando se encontraba distribuyendo drogas, por lo que intent\u00f3 sobornar a los agentes para no ser llevado.<br>Al actuar con m\u00e1s personas, las autoridades siguen en la b\u00fasqueda de otros m\u00e1s, toda vez que en la informaci\u00f3n inicial se habl\u00f3 de que hab\u00edan sido seis hombres quienes habr\u00edan perpetuado el multihomicidio.<\/p>\n\n\n\n<p>Tambi\u00e9n aclar\u00f3 que estas mismas entraron al lugar e hicieron m\u00faltiples detonaciones de arma de fuego al techo del establecimiento, y posteriormente, iniciaron el fuego que provoc\u00f3 la muerte de seis personas.<\/p>\n\n\n\n<p>Las l\u00edneas de investigaci\u00f3n bajo las que se trabajan son por narcomenudeo y cobro de piso, sin que ninguna de \u00e9stas se haya definido a\u00fan. Sin embargo, los responsables pertenecen a una c\u00e9lula delictiva ligada a un grupo nacional.<\/p>\n\n\n\n<p>Pese a las versiones que apuntan a que una de las v\u00edctimas, Karen originaria de Cuba, estaba relacionada con la distribuci\u00f3n de estupefacientes, la fiscal neg\u00f3 esta versi\u00f3n, toda vez que no existe informaci\u00f3n que alimente esta opci\u00f3n.<\/p>\n\n\n\n<p>En ese sentido, Pastor Betancourt asegur\u00f3 que tanto los fallecidos y hospitalizados, eran trabajadores del mismo lugar, y de los que algunos todav\u00eda se encuentran en estado grave de salud por inhalaci\u00f3n de di\u00f3xido de carbono.<\/p>\n","protected":false},"excerpt":{"rendered":"<p>Gabriel N., alias \u201cEl Tato\u201d, es investigado por la Fiscal\u00eda General del Estado (FGE) de Puebla como el autor intelectual del ataque cometido al Bar Lacoss, del que todav\u00eda hay seis personas hospitalizadas y algunas en estado grave. La titular del organismo, Idamis Pastor Betancourt, inform\u00f3 que en rueda de prensa, que su detenci\u00f3n se [&hellip;]<\/p>\n","protected":false},"author":1,"featured_media":71980,"comment_status":"open","ping_status":"open","sticky":false,"template":"","format":"standard","meta":{"om_disable_all_campaigns":false,"_monsterinsights_skip_tracking":false,"_monsterinsights_sitenote_active":false,"_monsterinsights_sitenote_note":"","_monsterinsights_sitenote_category":0,"footnotes":""},"categories":[175,226],"tags":[195,223],"class_list":["post-71979","post","type-post","status-publish","format-standard","has-post-thumbnail","hentry","category-local","category-policia","tag-principal","tag-puebla"],"amp_enabled":true,"_links":{"self":[{"href":"https:\/\/lahora.mx\/index.php\/wp-json\/wp\/v2\/posts\/71979","targetHints":{"allow":["GET"]}}],"collection":[{"href":"https:\/\/lahora.mx\/index.php\/wp-json\/wp\/v2\/posts"}],"about":[{"href":"https:\/\/lahora.mx\/index.php\/wp-json\/wp\/v2\/types\/post"}],"author":[{"embeddable":true,"href":"https:\/\/lahora.mx\/index.php\/wp-json\/wp\/v2\/users\/1"}],"replies":[{"embeddable":true,"href":"https:\/\/lahora.mx\/index.php\/wp-json\/wp\/v2\/comments?post=71979"}],"version-history":[{"count":1,"href":"https:\/\/lahora.mx\/index.php\/wp-json\/wp\/v2\/posts\/71979\/revisions"}],"predecessor-version":[{"id":71981,"href":"https:\/\/lahora.mx\/index.php\/wp-json\/wp\/v2\/posts\/71979\/revisions\/71981"}],"wp:featuredmedia":[{"embeddable":true,"href":"https:\/\/lahora.mx\/index.php\/wp-json\/wp\/v2\/media\/71980"}],"wp:attachment":[{"href":"https:\/\/lahora.mx\/index.php\/wp-json\/wp\/v2\/media?parent=71979"}],"wp:term":[{"taxonomy":"category","embeddable":true,"href":"https:\/\/lahora.mx\/index.php\/wp-json\/wp\/v2\/categories?post=71979"},{"taxonomy":"post_tag","embeddable":true,"href":"https:\/\/lahora.mx\/index.php\/wp-json\/wp\/v2\/tags?post=71979"}],"curies":[{"name":"wp","href":"https:\/\/api.w.org\/{rel}","templated":true}]}}