{"id":71976,"date":"2025-11-27T19:24:40","date_gmt":"2025-11-27T19:24:40","guid":{"rendered":"https:\/\/lahora.mx\/?p=71976"},"modified":"2025-11-27T19:25:18","modified_gmt":"2025-11-27T19:25:18","slug":"instruye-la-presidenta-mario-delgado-a-revisar-las-plazas-irregulares-en-la-sep-puebla","status":"publish","type":"post","link":"https:\/\/lahora.mx\/index.php\/2025\/11\/27\/instruye-la-presidenta-mario-delgado-a-revisar-las-plazas-irregulares-en-la-sep-puebla\/","title":{"rendered":"Instruye La Presidenta a Mario Delgado a revisar las plazas irregulares en la SEP Puebla"},"content":{"rendered":"\n<p>La presidenta de M\u00e9xico,\u00a0<strong>Claudia Sheinbaum<\/strong>, anunci\u00f3 que pedir\u00e1 al secretario de Educaci\u00f3n P\u00fablica federal,\u00a0<strong>Mario Delgado<\/strong>, que se ponga en contacto con el\u00a0<strong>gobernador Alejandro Armenta\u00a0<\/strong>para\u00a0<strong>apoyarlo<\/strong>\u00a0en la\u00a0<strong>revisi\u00f3n del tema de la entrega discrecional de plazas<\/strong>\u00a0en la SEP Puebla en administraciones pasadas<\/p>\n\n\n\n<p>En dias pasados el gobernador Alejandro Armenta afirm\u00f3 que su administraci\u00f3n hered\u00f3 una SEP llena de irregularidades, ilegalidades y vicios acumulados, por lo que orden\u00f3 una auditoria a esta dependencia, lo cual se le pregunt\u00f3 a la presidenta y respondi\u00f3 que le pedir\u00e1 al\u00a0<strong>secretario Mario Delgado<\/strong>\u00a0que\u00a0<strong>revise dicha situaci\u00f3n<\/strong>\u00a0directamente con el\u00a0<strong>gobernador Armenta<\/strong>\u00a0para\u00a0<strong>ver de qu\u00e9 forma la federaci\u00f3n puede apoyar este proceso<\/strong>.\u00a0<\/p>\n\n\n\n<p>En esta misma semana, el coordinador del Gabinete estatal, Jos\u00e9 Luis Garc\u00eda Parra, inform\u00f3 que el Gobierno de Puebla puso en marcha una auditor\u00eda extraordinaria a la Secretar\u00eda de Educaci\u00f3n P\u00fablica (SEP), que abarcar\u00e1 los \u00faltimos diez a\u00f1os, con el objetivo de investigar posibles irregularidades en la entrega de plazas docentes y otros procesos.<\/p>\n","protected":false},"excerpt":{"rendered":"<p>La presidenta de M\u00e9xico,\u00a0Claudia Sheinbaum, anunci\u00f3 que pedir\u00e1 al secretario de Educaci\u00f3n P\u00fablica federal,\u00a0Mario Delgado, que se ponga en contacto con el\u00a0gobernador Alejandro Armenta\u00a0para\u00a0apoyarlo\u00a0en la\u00a0revisi\u00f3n del tema de la entrega discrecional de plazas\u00a0en la SEP Puebla en administraciones pasadas En dias pasados el gobernador Alejandro Armenta afirm\u00f3 que su administraci\u00f3n hered\u00f3 una SEP llena de [&hellip;]<\/p>\n","protected":false},"author":1,"featured_media":71982,"comment_status":"open","ping_status":"open","sticky":false,"template":"","format":"standard","meta":{"om_disable_all_campaigns":false,"_monsterinsights_skip_tracking":false,"_monsterinsights_sitenote_active":false,"_monsterinsights_sitenote_note":"","_monsterinsights_sitenote_category":0,"footnotes":""},"categories":[175],"tags":[239,195,223],"class_list":["post-71976","post","type-post","status-publish","format-standard","has-post-thumbnail","hentry","category-local","tag-gobierno","tag-principal","tag-puebla"],"amp_enabled":true,"_links":{"self":[{"href":"https:\/\/lahora.mx\/index.php\/wp-json\/wp\/v2\/posts\/71976","targetHints":{"allow":["GET"]}}],"collection":[{"href":"https:\/\/lahora.mx\/index.php\/wp-json\/wp\/v2\/posts"}],"about":[{"href":"https:\/\/lahora.mx\/index.php\/wp-json\/wp\/v2\/types\/post"}],"author":[{"embeddable":true,"href":"https:\/\/lahora.mx\/index.php\/wp-json\/wp\/v2\/users\/1"}],"replies":[{"embeddable":true,"href":"https:\/\/lahora.mx\/index.php\/wp-json\/wp\/v2\/comments?post=71976"}],"version-history":[{"count":2,"href":"https:\/\/lahora.mx\/index.php\/wp-json\/wp\/v2\/posts\/71976\/revisions"}],"predecessor-version":[{"id":71985,"href":"https:\/\/lahora.mx\/index.php\/wp-json\/wp\/v2\/posts\/71976\/revisions\/71985"}],"wp:featuredmedia":[{"embeddable":true,"href":"https:\/\/lahora.mx\/index.php\/wp-json\/wp\/v2\/media\/71982"}],"wp:attachment":[{"href":"https:\/\/lahora.mx\/index.php\/wp-json\/wp\/v2\/media?parent=71976"}],"wp:term":[{"taxonomy":"category","embeddable":true,"href":"https:\/\/lahora.mx\/index.php\/wp-json\/wp\/v2\/categories?post=71976"},{"taxonomy":"post_tag","embeddable":true,"href":"https:\/\/lahora.mx\/index.php\/wp-json\/wp\/v2\/tags?post=71976"}],"curies":[{"name":"wp","href":"https:\/\/api.w.org\/{rel}","templated":true}]}}