{"id":71975,"date":"2025-11-27T19:21:36","date_gmt":"2025-11-27T19:21:36","guid":{"rendered":"https:\/\/lahora.mx\/?p=71975"},"modified":"2025-11-27T19:21:37","modified_gmt":"2025-11-27T19:21:37","slug":"armenta-recorre-jopala-y-ofrece-apoyo-a-los-damnificados","status":"publish","type":"post","link":"https:\/\/lahora.mx\/index.php\/2025\/11\/27\/armenta-recorre-jopala-y-ofrece-apoyo-a-los-damnificados\/","title":{"rendered":"Armenta recorre Jopala y ofrece apoyo a los damnificados"},"content":{"rendered":"\n<p>Durante el recorrido que realiz\u00f3 est\u00e1 ma\u00f1ana el gobernador por el municipio, las autoridades locales le informaron que 10 casas fueron afectadas por el desbordamiento del arroyo Chicontla, en la calle 5 de Mayo.<\/p>\n\n\n\n<p>Tras conocer que el municipio habitado por m\u00e1s de 3 mil personas sufri\u00f3 afectaciones por la entrada del Frente Fr\u00edo N\u00famero 16, el mandatario poblano se traslad\u00f3 de inmediato a la zona siniestrada.<br>Cabe recordar que no es la principal mera vez que los habitantes de la comunidad de Chicontla se ven afectados por la naturaleza. Algo similar ocurri\u00f3 en septiembre de 2021.<\/p>\n\n\n\n<p>Asimismo, tras las lluvias del 18 de octubre del presente a\u00f1o, reportaron 8 escuelas afectadas.<\/p>\n\n\n\n<p>Para evitar mayores afectaciones a las viviendas, el ayuntamiento realiz\u00f3 con una retroexcavadora la desviaci\u00f3n del r\u00edo Necaxa.<\/p>\n\n\n\n<p>Durante su recorrido, el gobernador Alejandro Armenta reiter\u00f3 el compromiso de su gobierno para atender las necesidades de las familias afectadas y le pidi\u00f3 a los habitantes de la zona atender las medidas de protecci\u00f3n civil.<\/p>\n\n\n\n<p>Jopala es de los pocos municipios que cuenta con un Atlas de Riesgo a partir de 2013.<br><br><\/p>\n","protected":false},"excerpt":{"rendered":"<p>Durante el recorrido que realiz\u00f3 est\u00e1 ma\u00f1ana el gobernador por el municipio, las autoridades locales le informaron que 10 casas fueron afectadas por el desbordamiento del arroyo Chicontla, en la calle 5 de Mayo. Tras conocer que el municipio habitado por m\u00e1s de 3 mil personas sufri\u00f3 afectaciones por la entrada del Frente Fr\u00edo N\u00famero [&hellip;]<\/p>\n","protected":false},"author":1,"featured_media":71977,"comment_status":"open","ping_status":"open","sticky":false,"template":"","format":"standard","meta":{"om_disable_all_campaigns":false,"_monsterinsights_skip_tracking":false,"_monsterinsights_sitenote_active":false,"_monsterinsights_sitenote_note":"","_monsterinsights_sitenote_category":0,"footnotes":""},"categories":[175],"tags":[239,195,223],"class_list":["post-71975","post","type-post","status-publish","format-standard","has-post-thumbnail","hentry","category-local","tag-gobierno","tag-principal","tag-puebla"],"amp_enabled":true,"_links":{"self":[{"href":"https:\/\/lahora.mx\/index.php\/wp-json\/wp\/v2\/posts\/71975","targetHints":{"allow":["GET"]}}],"collection":[{"href":"https:\/\/lahora.mx\/index.php\/wp-json\/wp\/v2\/posts"}],"about":[{"href":"https:\/\/lahora.mx\/index.php\/wp-json\/wp\/v2\/types\/post"}],"author":[{"embeddable":true,"href":"https:\/\/lahora.mx\/index.php\/wp-json\/wp\/v2\/users\/1"}],"replies":[{"embeddable":true,"href":"https:\/\/lahora.mx\/index.php\/wp-json\/wp\/v2\/comments?post=71975"}],"version-history":[{"count":1,"href":"https:\/\/lahora.mx\/index.php\/wp-json\/wp\/v2\/posts\/71975\/revisions"}],"predecessor-version":[{"id":71978,"href":"https:\/\/lahora.mx\/index.php\/wp-json\/wp\/v2\/posts\/71975\/revisions\/71978"}],"wp:featuredmedia":[{"embeddable":true,"href":"https:\/\/lahora.mx\/index.php\/wp-json\/wp\/v2\/media\/71977"}],"wp:attachment":[{"href":"https:\/\/lahora.mx\/index.php\/wp-json\/wp\/v2\/media?parent=71975"}],"wp:term":[{"taxonomy":"category","embeddable":true,"href":"https:\/\/lahora.mx\/index.php\/wp-json\/wp\/v2\/categories?post=71975"},{"taxonomy":"post_tag","embeddable":true,"href":"https:\/\/lahora.mx\/index.php\/wp-json\/wp\/v2\/tags?post=71975"}],"curies":[{"name":"wp","href":"https:\/\/api.w.org\/{rel}","templated":true}]}}