{"id":71963,"date":"2025-11-27T15:41:29","date_gmt":"2025-11-27T15:41:29","guid":{"rendered":"https:\/\/lahora.mx\/?p=71963"},"modified":"2025-11-27T15:41:29","modified_gmt":"2025-11-27T15:41:29","slug":"armenta-anuncia-visita-a-jopala-tras-afectaciones-por-lluvias-2","status":"publish","type":"post","link":"https:\/\/lahora.mx\/index.php\/2025\/11\/27\/armenta-anuncia-visita-a-jopala-tras-afectaciones-por-lluvias-2\/","title":{"rendered":"Armenta anuncia visita a Jopala tras afectaciones por lluvias"},"content":{"rendered":"\n<p>El gobernador Alejandro Armenta inform\u00f3 que este jueves acudir\u00e1 al municipio de Jopala para supervisar personalmente las afectaciones ocasionadas por las fuertes lluvias de la noche del mi\u00e9rcoles, las cuales dejaron sin luz, sin se\u00f1al telef\u00f3nica y sin internet a las juntas auxiliares de Patla y Chicontla. El mandatario se\u00f1al\u00f3 que su prioridad es verificar el estado de caminos, viviendas y cauces, y atender de inmediato cualquier necesidad de la poblaci\u00f3n.<\/p>\n\n\n\n<p>Armenta coment\u00f3 tambi\u00e9n que, si su agenda y el recorrido en la Sierra Norte se lo permiten, podr\u00eda asistir a un evento programado con la presidenta Claudia Sheinbaum, aunque reiter\u00f3 que primero atender\u00e1 la situaci\u00f3n en Jopala.<br><br>Durante la noche, autoridades municipales realizaron recorridos en las zonas afectadas, donde un carril del tramo carretero Patla\u2013Chicontla qued\u00f3 parcialmente bloqueado, aunque la circulaci\u00f3n sigue con paso controlado. En Chicontla, un arroyo se desbord\u00f3 al taponearse con troncos y ra\u00edces bajo un puente peatonal; vecinos y personal municipal lograron desazolvarlo, lo que permiti\u00f3 restablecer el cauce y evitar da\u00f1os mayores, salvo la inundaci\u00f3n menor de una vivienda.<\/p>\n\n\n\n<p>Hacia los primeros minutos de este jueves, el nivel del arroyo comenz\u00f3 a disminuir; no obstante, contin\u00faa el monitoreo del r\u00edo Necaxa, arroyos y caminos debido a la lluvia intermitente. El Ayuntamiento de Jopala mantiene vigilancia desde la noche del mi\u00e9rcoles para prevenir riesgos a la poblaci\u00f3n.<\/p>\n","protected":false},"excerpt":{"rendered":"<p>El gobernador Alejandro Armenta inform\u00f3 que este jueves acudir\u00e1 al municipio de Jopala para supervisar personalmente las afectaciones ocasionadas por las fuertes lluvias de la noche del mi\u00e9rcoles, las cuales dejaron sin luz, sin se\u00f1al telef\u00f3nica y sin internet a las juntas auxiliares de Patla y Chicontla. El mandatario se\u00f1al\u00f3 que su prioridad es verificar [&hellip;]<\/p>\n","protected":false},"author":1,"featured_media":71964,"comment_status":"open","ping_status":"open","sticky":false,"template":"","format":"standard","meta":{"om_disable_all_campaigns":false,"_monsterinsights_skip_tracking":false,"_monsterinsights_sitenote_active":false,"_monsterinsights_sitenote_note":"","_monsterinsights_sitenote_category":0,"footnotes":""},"categories":[175],"tags":[239,223],"class_list":["post-71963","post","type-post","status-publish","format-standard","has-post-thumbnail","hentry","category-local","tag-gobierno","tag-puebla"],"amp_enabled":true,"_links":{"self":[{"href":"https:\/\/lahora.mx\/index.php\/wp-json\/wp\/v2\/posts\/71963","targetHints":{"allow":["GET"]}}],"collection":[{"href":"https:\/\/lahora.mx\/index.php\/wp-json\/wp\/v2\/posts"}],"about":[{"href":"https:\/\/lahora.mx\/index.php\/wp-json\/wp\/v2\/types\/post"}],"author":[{"embeddable":true,"href":"https:\/\/lahora.mx\/index.php\/wp-json\/wp\/v2\/users\/1"}],"replies":[{"embeddable":true,"href":"https:\/\/lahora.mx\/index.php\/wp-json\/wp\/v2\/comments?post=71963"}],"version-history":[{"count":1,"href":"https:\/\/lahora.mx\/index.php\/wp-json\/wp\/v2\/posts\/71963\/revisions"}],"predecessor-version":[{"id":71965,"href":"https:\/\/lahora.mx\/index.php\/wp-json\/wp\/v2\/posts\/71963\/revisions\/71965"}],"wp:featuredmedia":[{"embeddable":true,"href":"https:\/\/lahora.mx\/index.php\/wp-json\/wp\/v2\/media\/71964"}],"wp:attachment":[{"href":"https:\/\/lahora.mx\/index.php\/wp-json\/wp\/v2\/media?parent=71963"}],"wp:term":[{"taxonomy":"category","embeddable":true,"href":"https:\/\/lahora.mx\/index.php\/wp-json\/wp\/v2\/categories?post=71963"},{"taxonomy":"post_tag","embeddable":true,"href":"https:\/\/lahora.mx\/index.php\/wp-json\/wp\/v2\/tags?post=71963"}],"curies":[{"name":"wp","href":"https:\/\/api.w.org\/{rel}","templated":true}]}}