{"id":71942,"date":"2025-11-27T00:23:26","date_gmt":"2025-11-27T00:23:26","guid":{"rendered":"https:\/\/lahora.mx\/?p=71942"},"modified":"2025-11-27T00:23:27","modified_gmt":"2025-11-27T00:23:27","slug":"san-andres-cholula-entrega-cobertores-a-400-familias-con-la-campana-abrigo-solidario","status":"publish","type":"post","link":"https:\/\/lahora.mx\/index.php\/2025\/11\/27\/san-andres-cholula-entrega-cobertores-a-400-familias-con-la-campana-abrigo-solidario\/","title":{"rendered":"San Andr\u00e9s Cholula entrega cobertores a 400 familias con la campa\u00f1a Abrigo Solidario"},"content":{"rendered":"\n<p>Con el objetivo de fortalecer la solidaridad comunitaria y brindar apoyo a personas en situaci\u00f3n vulnerable durante la temporada invernal , la presidenta municipal Lupita Cuautle Torres encabez\u00f3 la entrega de cobertores de la colecta \u201cAbrigo Solidario\u201d .<\/p>\n\n\n\n<p>En su mensaje, el edil reconoci\u00f3 la generosidad de las personas que se sumaron a la causa, destacando que cada cobertor representa un gesto de calidez humana y contribuye a mejorar la calidad de vida de quienes m\u00e1s lo necesitan. Asimismo, subray\u00f3 que esta campa\u00f1a reafirma la unidad y empat\u00eda que caracterizan a la comunidad sanandrese\u00f1a.<br><br>Durante este encuentro, se entregaron cobertores recolectados del 27 de octubre al 21 de noviembre en los centros de acopio instalados en el DIF , Estancia de D\u00eda , Lomas I y Lomas II de Angel\u00f3polis, beneficiando a 400 familias .<\/p>\n\n\n\n<p>Estas donaciones fueron posibles gracias a la participaci\u00f3n de ciudadan\u00eda , personal de diversas secretar\u00edas del Ayuntamiento , empresas y asociaciones , reforzando el compromiso social del municipio.<\/p>\n\n\n\n<p>Con estas acciones, el Gobierno Municipal consolida una iniciativa que a\u00f1o con a\u00f1o crece y beneficia a m\u00e1s habitantes de San Andr\u00e9s Cholula .<\/p>\n","protected":false},"excerpt":{"rendered":"<p>Con el objetivo de fortalecer la solidaridad comunitaria y brindar apoyo a personas en situaci\u00f3n vulnerable durante la temporada invernal , la presidenta municipal Lupita Cuautle Torres encabez\u00f3 la entrega de cobertores de la colecta \u201cAbrigo Solidario\u201d . En su mensaje, el edil reconoci\u00f3 la generosidad de las personas que se sumaron a la causa, [&hellip;]<\/p>\n","protected":false},"author":1,"featured_media":71943,"comment_status":"open","ping_status":"open","sticky":false,"template":"","format":"standard","meta":{"om_disable_all_campaigns":false,"_monsterinsights_skip_tracking":false,"_monsterinsights_sitenote_active":false,"_monsterinsights_sitenote_note":"","_monsterinsights_sitenote_category":0,"footnotes":""},"categories":[175],"tags":[],"class_list":["post-71942","post","type-post","status-publish","format-standard","has-post-thumbnail","hentry","category-local"],"amp_enabled":true,"_links":{"self":[{"href":"https:\/\/lahora.mx\/index.php\/wp-json\/wp\/v2\/posts\/71942","targetHints":{"allow":["GET"]}}],"collection":[{"href":"https:\/\/lahora.mx\/index.php\/wp-json\/wp\/v2\/posts"}],"about":[{"href":"https:\/\/lahora.mx\/index.php\/wp-json\/wp\/v2\/types\/post"}],"author":[{"embeddable":true,"href":"https:\/\/lahora.mx\/index.php\/wp-json\/wp\/v2\/users\/1"}],"replies":[{"embeddable":true,"href":"https:\/\/lahora.mx\/index.php\/wp-json\/wp\/v2\/comments?post=71942"}],"version-history":[{"count":1,"href":"https:\/\/lahora.mx\/index.php\/wp-json\/wp\/v2\/posts\/71942\/revisions"}],"predecessor-version":[{"id":71944,"href":"https:\/\/lahora.mx\/index.php\/wp-json\/wp\/v2\/posts\/71942\/revisions\/71944"}],"wp:featuredmedia":[{"embeddable":true,"href":"https:\/\/lahora.mx\/index.php\/wp-json\/wp\/v2\/media\/71943"}],"wp:attachment":[{"href":"https:\/\/lahora.mx\/index.php\/wp-json\/wp\/v2\/media?parent=71942"}],"wp:term":[{"taxonomy":"category","embeddable":true,"href":"https:\/\/lahora.mx\/index.php\/wp-json\/wp\/v2\/categories?post=71942"},{"taxonomy":"post_tag","embeddable":true,"href":"https:\/\/lahora.mx\/index.php\/wp-json\/wp\/v2\/tags?post=71942"}],"curies":[{"name":"wp","href":"https:\/\/api.w.org\/{rel}","templated":true}]}}